{"id":1888,"date":"2024-11-28T14:16:52","date_gmt":"2024-11-28T13:16:52","guid":{"rendered":"https:\/\/ampacalamonte.es\/?p=1888"},"modified":"2024-11-28T14:16:52","modified_gmt":"2024-11-28T13:16:52","slug":"cabalgata-rrmm-carroza-ampa","status":"publish","type":"post","link":"https:\/\/ampacalamonte.es\/?p=1888","title":{"rendered":"Cabalgata RRMM: Carroza AMPA"},"content":{"rendered":"<p>Estimadas Familias de la AMPA: Este a\u00f1o nos unimos a la Cabalgata de Reyes con una Carroza de nuestra Asociaci\u00f3n, exclusiva para <strong>Familias de la AMPA. <\/strong>Si quieres participar, aqu\u00ed te dejamos unos V\u00cdDEOS de ayuda de c\u00f3mo hacer los trajes. Cada Familia deber\u00e1 hacerse el suyo, es f\u00e1cil y econ\u00f3mico.<\/p>\n<p><strong>V\u00cdDEOS e IMAGENES de CONFECCI\u00d3N TRAJES:<\/strong><\/p>\n<div style=\"width: 800px;\" class=\"wp-video\"><video class=\"wp-video-shortcode\" id=\"video-1888-1\" width=\"800\" height=\"453\" preload=\"metadata\" controls=\"controls\"><source type=\"video\/mp4\" src=\"https:\/\/ampacalamonte.es\/wp-content\/uploads\/2024\/11\/VIDEO_01.mp4?_=1\" \/><a href=\"https:\/\/ampacalamonte.es\/wp-content\/uploads\/2024\/11\/VIDEO_01.mp4\">https:\/\/ampacalamonte.es\/wp-content\/uploads\/2024\/11\/VIDEO_01.mp4<\/a><\/video><\/div>\n<p>&nbsp;<\/p>\n<div style=\"width: 800px;\" class=\"wp-video\"><video class=\"wp-video-shortcode\" id=\"video-1888-2\" width=\"800\" height=\"453\" preload=\"metadata\" controls=\"controls\"><source type=\"video\/mp4\" src=\"https:\/\/ampacalamonte.es\/wp-content\/uploads\/2024\/11\/IMG_01.mp4?_=2\" \/><a href=\"https:\/\/ampacalamonte.es\/wp-content\/uploads\/2024\/11\/IMG_01.mp4\">https:\/\/ampacalamonte.es\/wp-content\/uploads\/2024\/11\/IMG_01.mp4<\/a><\/video><\/div>\n<p><img fetchpriority=\"high\" decoding=\"async\" class=\"alignnone size-medium wp-image-1891\" src=\"https:\/\/ampacalamonte.es\/wp-content\/uploads\/2024\/11\/IMG_02-225x300.jpg\" alt=\"\" width=\"225\" height=\"300\" srcset=\"https:\/\/ampacalamonte.es\/wp-content\/uploads\/2024\/11\/IMG_02-225x300.jpg 225w, https:\/\/ampacalamonte.es\/wp-content\/uploads\/2024\/11\/IMG_02-768x1024.jpg 768w, https:\/\/ampacalamonte.es\/wp-content\/uploads\/2024\/11\/IMG_02-1152x1536.jpg 1152w, https:\/\/ampacalamonte.es\/wp-content\/uploads\/2024\/11\/IMG_02.jpg 1200w\" sizes=\"(max-width: 225px) 100vw, 225px\" \/> <img decoding=\"async\" class=\"alignnone size-medium wp-image-1892\" src=\"https:\/\/ampacalamonte.es\/wp-content\/uploads\/2024\/11\/IMG_03-169x300.jpg\" alt=\"\" width=\"169\" height=\"300\" srcset=\"https:\/\/ampacalamonte.es\/wp-content\/uploads\/2024\/11\/IMG_03-169x300.jpg 169w, https:\/\/ampacalamonte.es\/wp-content\/uploads\/2024\/11\/IMG_03-576x1024.jpg 576w, https:\/\/ampacalamonte.es\/wp-content\/uploads\/2024\/11\/IMG_03-768x1365.jpg 768w, https:\/\/ampacalamonte.es\/wp-content\/uploads\/2024\/11\/IMG_03-864x1536.jpg 864w, https:\/\/ampacalamonte.es\/wp-content\/uploads\/2024\/11\/IMG_03.jpg 900w\" sizes=\"(max-width: 169px) 100vw, 169px\" \/> <img decoding=\"async\" class=\"alignnone size-medium wp-image-1893\" src=\"https:\/\/ampacalamonte.es\/wp-content\/uploads\/2024\/11\/IMG_04-169x300.jpg\" alt=\"\" width=\"169\" height=\"300\" srcset=\"https:\/\/ampacalamonte.es\/wp-content\/uploads\/2024\/11\/IMG_04-169x300.jpg 169w, https:\/\/ampacalamonte.es\/wp-content\/uploads\/2024\/11\/IMG_04-576x1024.jpg 576w, https:\/\/ampacalamonte.es\/wp-content\/uploads\/2024\/11\/IMG_04-768x1365.jpg 768w, https:\/\/ampacalamonte.es\/wp-content\/uploads\/2024\/11\/IMG_04-864x1536.jpg 864w, https:\/\/ampacalamonte.es\/wp-content\/uploads\/2024\/11\/IMG_04.jpg 900w\" sizes=\"(max-width: 169px) 100vw, 169px\" \/> <img loading=\"lazy\" decoding=\"async\" class=\"alignnone size-medium wp-image-1894\" src=\"https:\/\/ampacalamonte.es\/wp-content\/uploads\/2024\/11\/IMG_05-169x300.jpg\" alt=\"\" width=\"169\" height=\"300\" srcset=\"https:\/\/ampacalamonte.es\/wp-content\/uploads\/2024\/11\/IMG_05-169x300.jpg 169w, https:\/\/ampacalamonte.es\/wp-content\/uploads\/2024\/11\/IMG_05-576x1024.jpg 576w, https:\/\/ampacalamonte.es\/wp-content\/uploads\/2024\/11\/IMG_05-768x1365.jpg 768w, https:\/\/ampacalamonte.es\/wp-content\/uploads\/2024\/11\/IMG_05-864x1536.jpg 864w, https:\/\/ampacalamonte.es\/wp-content\/uploads\/2024\/11\/IMG_05.jpg 900w\" sizes=\"(max-width: 169px) 100vw, 169px\" \/> <img loading=\"lazy\" decoding=\"async\" class=\"alignnone size-medium wp-image-1895\" src=\"https:\/\/ampacalamonte.es\/wp-content\/uploads\/2024\/11\/IMG_06-225x300.jpg\" alt=\"\" width=\"225\" height=\"300\" srcset=\"https:\/\/ampacalamonte.es\/wp-content\/uploads\/2024\/11\/IMG_06-225x300.jpg 225w, https:\/\/ampacalamonte.es\/wp-content\/uploads\/2024\/11\/IMG_06-768x1024.jpg 768w, https:\/\/ampacalamonte.es\/wp-content\/uploads\/2024\/11\/IMG_06-1152x1536.jpg 1152w, https:\/\/ampacalamonte.es\/wp-content\/uploads\/2024\/11\/IMG_06.jpg 1200w\" sizes=\"(max-width: 225px) 100vw, 225px\" \/><\/p>\n<div style=\"width: 800px;\" class=\"wp-video\"><video class=\"wp-video-shortcode\" id=\"video-1888-3\" width=\"800\" height=\"453\" preload=\"metadata\" controls=\"controls\"><source type=\"video\/mp4\" src=\"https:\/\/ampacalamonte.es\/wp-content\/uploads\/2024\/11\/IMG_07.mp4?_=3\" \/><a href=\"https:\/\/ampacalamonte.es\/wp-content\/uploads\/2024\/11\/IMG_07.mp4\">https:\/\/ampacalamonte.es\/wp-content\/uploads\/2024\/11\/IMG_07.mp4<\/a><\/video><\/div>\n","protected":false},"excerpt":{"rendered":"<p>Estimadas Familias de la AMPA: Este a\u00f1o nos unimos a la Cabalgata de Reyes con una Carroza de nuestra Asociaci\u00f3n, exclusiva para Familias de la AMPA. Si quieres participar, aqu\u00ed te dejamos unos V\u00cdDEOS de ayuda de c\u00f3mo hacer los trajes. Cada Familia deber\u00e1 hacerse el suyo, es f\u00e1cil y econ\u00f3mico. V\u00cdDEOS e IMAGENES de [&hellip;]<\/p>\n","protected":false},"author":2,"featured_media":1895,"comment_status":"closed","ping_status":"closed","sticky":false,"template":"","format":"standard","meta":{"inline_featured_image":false,"footnotes":""},"categories":[7,6],"tags":[],"class_list":["post-1888","post","type-post","status-publish","format-standard","has-post-thumbnail","hentry","category-eventos","category-noticias"],"yoast_head":"<!-- This site is optimized with the Yoast SEO plugin v27.6 - https:\/\/yoast.com\/product\/yoast-seo-wordpress\/ -->\n<title>Cabalgata RRMM: Carroza AMPA - AMPA del CEIP &quot;San Jose&quot; de Calamonte<\/title>\n<meta name=\"robots\" content=\"index, follow, max-snippet:-1, max-image-preview:large, max-video-preview:-1\" \/>\n<link rel=\"canonical\" href=\"https:\/\/ampacalamonte.es\/?p=1888\" \/>\n<meta property=\"og:locale\" content=\"es_ES\" \/>\n<meta property=\"og:type\" content=\"article\" \/>\n<meta property=\"og:title\" content=\"Cabalgata RRMM: Carroza AMPA - AMPA del CEIP &quot;San Jose&quot; de Calamonte\" \/>\n<meta property=\"og:description\" content=\"Estimadas Familias de la AMPA: Este a\u00f1o nos unimos a la Cabalgata de Reyes con una Carroza de nuestra Asociaci\u00f3n, exclusiva para Familias de la AMPA. Si quieres participar, aqu\u00ed te dejamos unos V\u00cdDEOS de ayuda de c\u00f3mo hacer los trajes. Cada Familia deber\u00e1 hacerse el suyo, es f\u00e1cil y econ\u00f3mico. V\u00cdDEOS e IMAGENES de [&hellip;]\" \/>\n<meta property=\"og:url\" content=\"https:\/\/ampacalamonte.es\/?p=1888\" \/>\n<meta property=\"og:site_name\" content=\"AMPA del CEIP &quot;San Jose&quot; de Calamonte\" \/>\n<meta property=\"article:published_time\" content=\"2024-11-28T13:16:52+00:00\" \/>\n<meta property=\"og:image\" content=\"https:\/\/ampacalamonte.es\/wp-content\/uploads\/2024\/11\/IMG_06.jpg\" \/>\n\t<meta property=\"og:image:width\" content=\"1200\" \/>\n\t<meta property=\"og:image:height\" content=\"1600\" \/>\n\t<meta property=\"og:image:type\" content=\"image\/jpeg\" \/>\n<meta name=\"author\" content=\"Francisco Blanco\" \/>\n<meta name=\"twitter:card\" content=\"summary_large_image\" \/>\n<meta name=\"twitter:label1\" content=\"Escrito por\" \/>\n\t<meta name=\"twitter:data1\" content=\"Francisco Blanco\" \/>\n\t<meta name=\"twitter:label2\" content=\"Tiempo de lectura\" \/>\n\t<meta name=\"twitter:data2\" content=\"1 minuto\" \/>\n<script type=\"application\/ld+json\" class=\"yoast-schema-graph\">{\"@context\":\"https:\\\/\\\/schema.org\",\"@graph\":[{\"@type\":\"Article\",\"@id\":\"https:\\\/\\\/ampacalamonte.es\\\/?p=1888#article\",\"isPartOf\":{\"@id\":\"https:\\\/\\\/ampacalamonte.es\\\/?p=1888\"},\"author\":{\"name\":\"Francisco Blanco\",\"@id\":\"https:\\\/\\\/ampacalamonte.es\\\/#\\\/schema\\\/person\\\/dc3308a4ebebfa327bcc46f1e7c787cc\"},\"headline\":\"Cabalgata RRMM: Carroza AMPA\",\"datePublished\":\"2024-11-28T13:16:52+00:00\",\"mainEntityOfPage\":{\"@id\":\"https:\\\/\\\/ampacalamonte.es\\\/?p=1888\"},\"wordCount\":106,\"publisher\":{\"@id\":\"https:\\\/\\\/ampacalamonte.es\\\/#organization\"},\"image\":{\"@id\":\"https:\\\/\\\/ampacalamonte.es\\\/?p=1888#primaryimage\"},\"thumbnailUrl\":\"https:\\\/\\\/ampacalamonte.es\\\/wp-content\\\/uploads\\\/2024\\\/11\\\/IMG_06.jpg\",\"articleSection\":[\"EVENTOS\",\"NOTICIAS\"],\"inLanguage\":\"es\"},{\"@type\":\"WebPage\",\"@id\":\"https:\\\/\\\/ampacalamonte.es\\\/?p=1888\",\"url\":\"https:\\\/\\\/ampacalamonte.es\\\/?p=1888\",\"name\":\"Cabalgata RRMM: Carroza AMPA - AMPA del CEIP &quot;San Jose&quot; de Calamonte\",\"isPartOf\":{\"@id\":\"https:\\\/\\\/ampacalamonte.es\\\/#website\"},\"primaryImageOfPage\":{\"@id\":\"https:\\\/\\\/ampacalamonte.es\\\/?p=1888#primaryimage\"},\"image\":{\"@id\":\"https:\\\/\\\/ampacalamonte.es\\\/?p=1888#primaryimage\"},\"thumbnailUrl\":\"https:\\\/\\\/ampacalamonte.es\\\/wp-content\\\/uploads\\\/2024\\\/11\\\/IMG_06.jpg\",\"datePublished\":\"2024-11-28T13:16:52+00:00\",\"breadcrumb\":{\"@id\":\"https:\\\/\\\/ampacalamonte.es\\\/?p=1888#breadcrumb\"},\"inLanguage\":\"es\",\"potentialAction\":[{\"@type\":\"ReadAction\",\"target\":[\"https:\\\/\\\/ampacalamonte.es\\\/?p=1888\"]}]},{\"@type\":\"ImageObject\",\"inLanguage\":\"es\",\"@id\":\"https:\\\/\\\/ampacalamonte.es\\\/?p=1888#primaryimage\",\"url\":\"https:\\\/\\\/ampacalamonte.es\\\/wp-content\\\/uploads\\\/2024\\\/11\\\/IMG_06.jpg\",\"contentUrl\":\"https:\\\/\\\/ampacalamonte.es\\\/wp-content\\\/uploads\\\/2024\\\/11\\\/IMG_06.jpg\",\"width\":1200,\"height\":1600},{\"@type\":\"BreadcrumbList\",\"@id\":\"https:\\\/\\\/ampacalamonte.es\\\/?p=1888#breadcrumb\",\"itemListElement\":[{\"@type\":\"ListItem\",\"position\":1,\"name\":\"Portada\",\"item\":\"https:\\\/\\\/ampacalamonte.es\\\/?page_id=35\"},{\"@type\":\"ListItem\",\"position\":2,\"name\":\"Cabalgata RRMM: Carroza AMPA\"}]},{\"@type\":\"WebSite\",\"@id\":\"https:\\\/\\\/ampacalamonte.es\\\/#website\",\"url\":\"https:\\\/\\\/ampacalamonte.es\\\/\",\"name\":\"AMPA del CEIP \\\"San Jose\\\" de Calamonte\",\"description\":\"AMPA San Jose (CALAMONTE)\",\"publisher\":{\"@id\":\"https:\\\/\\\/ampacalamonte.es\\\/#organization\"},\"potentialAction\":[{\"@type\":\"SearchAction\",\"target\":{\"@type\":\"EntryPoint\",\"urlTemplate\":\"https:\\\/\\\/ampacalamonte.es\\\/?s={search_term_string}\"},\"query-input\":{\"@type\":\"PropertyValueSpecification\",\"valueRequired\":true,\"valueName\":\"search_term_string\"}}],\"inLanguage\":\"es\"},{\"@type\":\"Organization\",\"@id\":\"https:\\\/\\\/ampacalamonte.es\\\/#organization\",\"name\":\"AMPA del CEIP \\\"San Jose\\\" de Calamonte\",\"url\":\"https:\\\/\\\/ampacalamonte.es\\\/\",\"logo\":{\"@type\":\"ImageObject\",\"inLanguage\":\"es\",\"@id\":\"https:\\\/\\\/ampacalamonte.es\\\/#\\\/schema\\\/logo\\\/image\\\/\",\"url\":\"https:\\\/\\\/ampacalamonte.es\\\/wp-content\\\/uploads\\\/2022\\\/05\\\/LOGO_AMPA_RECTO_2021a.jpg\",\"contentUrl\":\"https:\\\/\\\/ampacalamonte.es\\\/wp-content\\\/uploads\\\/2022\\\/05\\\/LOGO_AMPA_RECTO_2021a.jpg\",\"width\":410,\"height\":410,\"caption\":\"AMPA del CEIP \\\"San Jose\\\" de Calamonte\"},\"image\":{\"@id\":\"https:\\\/\\\/ampacalamonte.es\\\/#\\\/schema\\\/logo\\\/image\\\/\"}},{\"@type\":\"Person\",\"@id\":\"https:\\\/\\\/ampacalamonte.es\\\/#\\\/schema\\\/person\\\/dc3308a4ebebfa327bcc46f1e7c787cc\",\"name\":\"Francisco Blanco\",\"url\":\"https:\\\/\\\/ampacalamonte.es\\\/?author=2\"}]}<\/script>\n<!-- \/ Yoast SEO plugin. -->","yoast_head_json":{"title":"Cabalgata RRMM: Carroza AMPA - AMPA del CEIP &quot;San Jose&quot; de Calamonte","robots":{"index":"index","follow":"follow","max-snippet":"max-snippet:-1","max-image-preview":"max-image-preview:large","max-video-preview":"max-video-preview:-1"},"canonical":"https:\/\/ampacalamonte.es\/?p=1888","og_locale":"es_ES","og_type":"article","og_title":"Cabalgata RRMM: Carroza AMPA - AMPA del CEIP &quot;San Jose&quot; de Calamonte","og_description":"Estimadas Familias de la AMPA: Este a\u00f1o nos unimos a la Cabalgata de Reyes con una Carroza de nuestra Asociaci\u00f3n, exclusiva para Familias de la AMPA. Si quieres participar, aqu\u00ed te dejamos unos V\u00cdDEOS de ayuda de c\u00f3mo hacer los trajes. Cada Familia deber\u00e1 hacerse el suyo, es f\u00e1cil y econ\u00f3mico. V\u00cdDEOS e IMAGENES de [&hellip;]","og_url":"https:\/\/ampacalamonte.es\/?p=1888","og_site_name":"AMPA del CEIP &quot;San Jose&quot; de Calamonte","article_published_time":"2024-11-28T13:16:52+00:00","og_image":[{"width":1200,"height":1600,"url":"https:\/\/ampacalamonte.es\/wp-content\/uploads\/2024\/11\/IMG_06.jpg","type":"image\/jpeg"}],"author":"Francisco Blanco","twitter_card":"summary_large_image","twitter_misc":{"Escrito por":"Francisco Blanco","Tiempo de lectura":"1 minuto"},"schema":{"@context":"https:\/\/schema.org","@graph":[{"@type":"Article","@id":"https:\/\/ampacalamonte.es\/?p=1888#article","isPartOf":{"@id":"https:\/\/ampacalamonte.es\/?p=1888"},"author":{"name":"Francisco Blanco","@id":"https:\/\/ampacalamonte.es\/#\/schema\/person\/dc3308a4ebebfa327bcc46f1e7c787cc"},"headline":"Cabalgata RRMM: Carroza AMPA","datePublished":"2024-11-28T13:16:52+00:00","mainEntityOfPage":{"@id":"https:\/\/ampacalamonte.es\/?p=1888"},"wordCount":106,"publisher":{"@id":"https:\/\/ampacalamonte.es\/#organization"},"image":{"@id":"https:\/\/ampacalamonte.es\/?p=1888#primaryimage"},"thumbnailUrl":"https:\/\/ampacalamonte.es\/wp-content\/uploads\/2024\/11\/IMG_06.jpg","articleSection":["EVENTOS","NOTICIAS"],"inLanguage":"es"},{"@type":"WebPage","@id":"https:\/\/ampacalamonte.es\/?p=1888","url":"https:\/\/ampacalamonte.es\/?p=1888","name":"Cabalgata RRMM: Carroza AMPA - AMPA del CEIP &quot;San Jose&quot; de Calamonte","isPartOf":{"@id":"https:\/\/ampacalamonte.es\/#website"},"primaryImageOfPage":{"@id":"https:\/\/ampacalamonte.es\/?p=1888#primaryimage"},"image":{"@id":"https:\/\/ampacalamonte.es\/?p=1888#primaryimage"},"thumbnailUrl":"https:\/\/ampacalamonte.es\/wp-content\/uploads\/2024\/11\/IMG_06.jpg","datePublished":"2024-11-28T13:16:52+00:00","breadcrumb":{"@id":"https:\/\/ampacalamonte.es\/?p=1888#breadcrumb"},"inLanguage":"es","potentialAction":[{"@type":"ReadAction","target":["https:\/\/ampacalamonte.es\/?p=1888"]}]},{"@type":"ImageObject","inLanguage":"es","@id":"https:\/\/ampacalamonte.es\/?p=1888#primaryimage","url":"https:\/\/ampacalamonte.es\/wp-content\/uploads\/2024\/11\/IMG_06.jpg","contentUrl":"https:\/\/ampacalamonte.es\/wp-content\/uploads\/2024\/11\/IMG_06.jpg","width":1200,"height":1600},{"@type":"BreadcrumbList","@id":"https:\/\/ampacalamonte.es\/?p=1888#breadcrumb","itemListElement":[{"@type":"ListItem","position":1,"name":"Portada","item":"https:\/\/ampacalamonte.es\/?page_id=35"},{"@type":"ListItem","position":2,"name":"Cabalgata RRMM: Carroza AMPA"}]},{"@type":"WebSite","@id":"https:\/\/ampacalamonte.es\/#website","url":"https:\/\/ampacalamonte.es\/","name":"AMPA del CEIP \"San Jose\" de Calamonte","description":"AMPA San Jose (CALAMONTE)","publisher":{"@id":"https:\/\/ampacalamonte.es\/#organization"},"potentialAction":[{"@type":"SearchAction","target":{"@type":"EntryPoint","urlTemplate":"https:\/\/ampacalamonte.es\/?s={search_term_string}"},"query-input":{"@type":"PropertyValueSpecification","valueRequired":true,"valueName":"search_term_string"}}],"inLanguage":"es"},{"@type":"Organization","@id":"https:\/\/ampacalamonte.es\/#organization","name":"AMPA del CEIP \"San Jose\" de Calamonte","url":"https:\/\/ampacalamonte.es\/","logo":{"@type":"ImageObject","inLanguage":"es","@id":"https:\/\/ampacalamonte.es\/#\/schema\/logo\/image\/","url":"https:\/\/ampacalamonte.es\/wp-content\/uploads\/2022\/05\/LOGO_AMPA_RECTO_2021a.jpg","contentUrl":"https:\/\/ampacalamonte.es\/wp-content\/uploads\/2022\/05\/LOGO_AMPA_RECTO_2021a.jpg","width":410,"height":410,"caption":"AMPA del CEIP \"San Jose\" de Calamonte"},"image":{"@id":"https:\/\/ampacalamonte.es\/#\/schema\/logo\/image\/"}},{"@type":"Person","@id":"https:\/\/ampacalamonte.es\/#\/schema\/person\/dc3308a4ebebfa327bcc46f1e7c787cc","name":"Francisco Blanco","url":"https:\/\/ampacalamonte.es\/?author=2"}]}},"_links":{"self":[{"href":"https:\/\/ampacalamonte.es\/index.php?rest_route=\/wp\/v2\/posts\/1888","targetHints":{"allow":["GET"]}}],"collection":[{"href":"https:\/\/ampacalamonte.es\/index.php?rest_route=\/wp\/v2\/posts"}],"about":[{"href":"https:\/\/ampacalamonte.es\/index.php?rest_route=\/wp\/v2\/types\/post"}],"author":[{"embeddable":true,"href":"https:\/\/ampacalamonte.es\/index.php?rest_route=\/wp\/v2\/users\/2"}],"replies":[{"embeddable":true,"href":"https:\/\/ampacalamonte.es\/index.php?rest_route=%2Fwp%2Fv2%2Fcomments&post=1888"}],"version-history":[{"count":1,"href":"https:\/\/ampacalamonte.es\/index.php?rest_route=\/wp\/v2\/posts\/1888\/revisions"}],"predecessor-version":[{"id":1897,"href":"https:\/\/ampacalamonte.es\/index.php?rest_route=\/wp\/v2\/posts\/1888\/revisions\/1897"}],"wp:featuredmedia":[{"embeddable":true,"href":"https:\/\/ampacalamonte.es\/index.php?rest_route=\/wp\/v2\/media\/1895"}],"wp:attachment":[{"href":"https:\/\/ampacalamonte.es\/index.php?rest_route=%2Fwp%2Fv2%2Fmedia&parent=1888"}],"wp:term":[{"taxonomy":"category","embeddable":true,"href":"https:\/\/ampacalamonte.es\/index.php?rest_route=%2Fwp%2Fv2%2Fcategories&post=1888"},{"taxonomy":"post_tag","embeddable":true,"href":"https:\/\/ampacalamonte.es\/index.php?rest_route=%2Fwp%2Fv2%2Ftags&post=1888"}],"curies":[{"name":"wp","href":"https:\/\/api.w.org\/{rel}","templated":true}]}}