{"id":1754,"date":"2024-04-23T09:24:39","date_gmt":"2024-04-23T08:24:39","guid":{"rendered":"https:\/\/ampacalamonte.es\/?p=1754"},"modified":"2024-04-28T18:38:10","modified_gmt":"2024-04-28T17:38:10","slug":"1754","status":"publish","type":"post","link":"https:\/\/ampacalamonte.es\/?p=1754","title":{"rendered":"DIVERCampus-El Veranillo 2024"},"content":{"rendered":"<p><strong><em>\u00bfCU\u00c1NDO INSCRIBIRSE?<\/em><\/strong><\/p>\n<ul>\n<li>AMPA: Martes, <strong>30-ABR<\/strong>, desde las<strong> 16:00 h<\/strong><\/li>\n<li>GENERAL: Martes 7-MAYO, desde las 16:00 h<\/li>\n<\/ul>\n<p>&nbsp;<\/p>\n<p><strong><em>\u00bfC\u00d3MO INSCRIBIRSE?<\/em><\/strong><\/p>\n<p><strong>1.-<\/strong> Rellenando el FORMULARIO de Google, copia el siguiente enlace y p\u00e9galo en tu navegador:<\/p>\n<blockquote><p><em><strong>https:\/\/forms.gle\/6QivJhjKd6RPYGEE7<\/strong><\/em><\/p>\n<p>(tambi\u00e9n puedes pinchar directamente en el enlace \u00abGoogle FORMS\u00bb que has recibido en el Whatsapp de la AMPA)<\/p>\n<p>&nbsp;<\/p><\/blockquote>\n<p><em><strong>OTRAS OPCIONES DE INSCRIPCI\u00d3N (EMAIL):<\/strong><\/em><\/p>\n<p><strong>2.-<\/strong> Rellenando el Formulario de Inscripci\u00f3n en PDF y envi\u00e1ndolo por EMAIL:<\/p>\n<blockquote><p>&gt;&gt;\u00a0 <a href=\"https:\/\/ampacalamonte.es\/wp-content\/uploads\/2024\/04\/01_Ficha_INSCRIP_v24a_Veranillo.pdf\">01_Ficha_INSCRIP_v24a_Veranillo<\/a> (esta ficha NO es necesaria si realizas la inscripci\u00f3n desde el <strong>ENLACE<\/strong> del FORMULARIO de Google FORMS, de la opci\u00f3n 1).<\/p><\/blockquote>\n<p>&nbsp;<\/p>\n<p><em><strong>\u00bfM\u00c1S INFORMACI\u00d3N?:<\/strong> <\/em><\/p>\n<p>Abre el siguiente \u00abPDF\u00bb donde encontrar\u00e1s TODA LA INFORMACI\u00d3N NECESARIA, sobre c\u00f3mo realizar el pago, qu\u00e9\u00a0<strong>ventajas hay para Familias AMPA<\/strong>, perfil de los Monitores y c\u00f3mo lo estamos organizando desde la AMPA.<\/p>\n<p>&gt;&gt;&gt;\u00a0 \u00a0<a href=\"https:\/\/ampacalamonte.es\/wp-content\/uploads\/2024\/04\/INFORMACION_DIVERCampus.pdf\">INFORMACION_DIVERCampus<\/a><\/p>\n<p>&nbsp;<\/p>\n<p><em><strong>\u00bfC\u00d3MO HAGO EL PAGO?<\/strong><\/em><\/p>\n<ul>\n<li>Por <strong>TRANSFERENCIA<\/strong> bancaria a la cuenta de la AMPA que se facilita.<\/li>\n<\/ul>\n<p><strong>IBAN <\/strong>cuenta bancaria de la AMPA (<strong>BBVA<\/strong>):<\/p>\n<p><strong>ES92 \u2013 0182 \u2013 1612 \u2013 9502 \u2013 0155 \u2013 6193<\/strong><\/p>\n<ul>\n<li>En <strong>EFECTIVO <\/strong>en cualquier oficina del BBVA y realizar el ingreso en cuenta, en los horarios que el banco tiene para eso. Tambi\u00e9n, desde el <strong>CAJERO<\/strong> del<strong> BBVA<\/strong> y sin necesidad de ser cliente ni de tener ninguna tarjeta, puedes acceder tocando en la pantalla del cajero y a continuaci\u00f3n seguir las instrucciones para ingresar el importe a trav\u00e9s del cajero; en este caso deber\u00e1s tener a la vista el IBAN de la AMPA para teclearlo en la pantalla del cajero. Es conveniente que imprimas en el cajero el recibo y lo conserves, aunque si no te lo da, siempre aparecer\u00e1 en los movimientos cuando lo revisemos.<\/li>\n<\/ul>\n<p>&nbsp;<\/p>\n<p><em><strong>\u00bfTENGO QUE PAGAR YA EL CAMPUS COMPLETO?<\/strong><\/em><\/p>\n<p>No es necesario. Puedes seleccionar las diferentes OPCIONES de pago de FRACCIONAMIENTO, hasta en 3 meses. Depender\u00e1 del importe total del Campus. En la inscripci\u00f3n y formulario se especifica c\u00f3mo puedes hacerlo.<\/p>\n<p>Ahora, s\u00f3lo tienes que abonar el 1\u00ba PAGO de INSCRIPCI\u00d3N.<\/p>\n<p><strong>EXCEPCI\u00d3N<\/strong>: Si eres AMPA y no pudieras hacer ahora el 1\u00ba Pago de inscripci\u00f3n y tuvieras que esperar a principio de mes de mayo para cobrar la n\u00f3mina, <strong><u>HAZ AHORA tambi\u00e9n la inscripci\u00f3n<\/u><\/strong>, sin el pago, <strong><u>IND\u00cdCALO<\/u><\/strong> en observaciones que no puedes pagar esta semana y podr\u00e1s hacer el PAGO de inscripci\u00f3n luego, <strong>antes del 7 de mayo. <\/strong>Pero recuerda envi\u00e1rnoslo al email.<\/p>\n<p>&nbsp;<\/p>\n<p><em><strong>\u00bfCU\u00c1NDO PAGO EL RESTO?<\/strong><\/em><\/p>\n<ul>\n<li>El primer pago debes hacerlo con la inscripci\u00f3n. (salvo la excepci\u00f3n indicada)<\/li>\n<li>El SEGUNDO PAGO, antes del d\u00eda <strong>10-JUN.<\/strong><\/li>\n<li>El TERCER PAGO, en su caso, antes del d\u00eda<strong> 10-JUL.<\/strong><\/li>\n<\/ul>\n<p>&nbsp;<\/p>\n<p><em><strong>\u00bfTENGO ALGUNA VENTAJA POR HACER AHORA EL PAGO COMPLETO DEL CAMPUS EN LA INSCRIPCI\u00d3N?<\/strong><\/em><\/p>\n<p>S\u00ed.\u00a0 Ya que a la directiva nos facilita mucho un \u00fanico pago porque conlleva menos apuntes, rogamos a todas aquellas familias que se puedan permitir el pago \u00fanico del total del campus en la inscripci\u00f3n, lo realicen al principio.<\/p>\n<p>Quienes realicen el pago total en la inscripci\u00f3n, recibir\u00e1n un <strong>CHEQUE REGALO<\/strong> por valor de <strong>5 Euros<\/strong> que se les entregar\u00e1 en el mes de septiembre, siempre que la inscripci\u00f3n supere al menos 3 semanas del Campus (no tienen por que ser consecutivas).<\/p>\n<p>&nbsp;<\/p>\n<p><strong>\u00bfTENGO ALGUNA VENTAJA POR SER DE LA AMPA?<\/strong><\/p>\n<p>Este a\u00f1o se ha llegado a un acuerdo entre TODOS los Campus de Calamonte para poder ofrecer un precio \u00fanico y com\u00fan, de manera que cada familia y nuestros hij@s puedan elegir libremente el campus que m\u00e1s se adapte a su perfil. Por este motivo, no podemos ofrecer descuentos a las Familias de la AMPA respecto a otros a\u00f1os sobre la cuota del Campus.<\/p>\n<p>Este a\u00f1o se han acordado ofrecer los siguientes <strong>BENEFICOS<\/strong> a las Familias de la AMPA:<\/p>\n<ul>\n<li>Se ofrecer\u00e1 gratuitamente a las Familias de la AMPA la <strong>salida extra ampliada<\/strong>, que corresponde de 14:00 a 14:30 h, <strong>sin coste<\/strong>, aunque debe seleccionarse esta opci\u00f3n en la inscripci\u00f3n si se va a necesitar frecuentemente. Tambi\u00e9n se puede indicar al inicio del Campus, m\u00e1s adelante. El coste para familias no asociadas es de 5 \u20ac \/ quincena.<\/li>\n<li>Se entregar\u00e1 el <strong>Cheque Regalo<\/strong> por valor de <strong>5 \u20ac<\/strong> a aquellas Familias que realicen el pago total, seg\u00fan se ha indicado.<\/li>\n<li>Se aplicar\u00e1 una <strong>reducci\u00f3n<\/strong> de la Cuota de Socio que se paga en septiembre, conforme a lo siguiente:<\/li>\n<\/ul>\n<p><u>Semanas de inscripci\u00f3n en el Campus\u00a0 \u00a0&gt;&gt;\u00a0 <\/u><strong><u>DESCUENTO en Cuota de Socio:<\/u><\/strong><\/p>\n<p>2 semanas = 5 \u20ac Dto.<\/p>\n<p>4 semanas = 10 \u20ac Dto.<\/p>\n<p>6 semanas = 15 \u20ac Dto.<\/p>\n<p>8 \u00f3 m\u00e1s semanas = EXENTO de Cuota.<\/p>\n<p><em>Las semanas se computar\u00e1n como la suma de todas las semanas de todos los hijos inscritos. Si, por ejemplo, inscribes a 2\u00a0<\/em><em>hijos durante 2 semanas cada uno, entonces computar\u00eda como 4 semanas y el descuento en cuota ser\u00eda de 10 \u20ac .<\/em><\/p>\n<p>&nbsp;<\/p>\n<p><em><strong>\u00bfC\u00d3MO SE VA A ORGANIZAR EL CAMPUS<\/strong><\/em><\/p>\n<p>Este a\u00f1o, desde la Directiva de la AMPA estamos trabajando desde la primera reuni\u00f3n mantenida con el Ayuntamiento de Calamonte para la organizaci\u00f3n de los Campus para ofrecer a nuestras Familias un Campus Diverso, Divertido, con nuevas actividades e iniciativas para nuestros hij@s, incorporando <strong>profesionales externos<\/strong> que acudir\u00e1n en distintas fechas al Campus, intentando que coincidan con las 4 quincenas de la programaci\u00f3n.<\/p>\n<p>Esta planificaci\u00f3n la estamos completando en estos 2 meses para incorporar a\u00fan m\u00e1s actividades que las indicadas en el cartel.<\/p>\n<p>Para ello, desde la Directiva estamos desarrollando el Proyecto contando con colaboraci\u00f3n directa de personas con formaci\u00f3n y titulaci\u00f3n en Grado en Maestro de Educaci\u00f3n Primaria, Grado en Maestro de Educaci\u00f3n Infantil, Diploma Universitario en Gesti\u00f3n de Centros de Dependencia, Monitor de Ocio y Tiempo Libre, Cuidador y otra serie de competencias y disciplinas de quienes participan en la Direcci\u00f3n y Programaci\u00f3n del proyecto dentro de la AMPA.<\/p>\n<p>El Cartel es un anticipo de algunas de las Actividades planificadas y cerradas a la fecha actual, pero desde este equipo multidisciplinar se ampliar\u00e1n actividades espec\u00edficas formativas y l\u00fadicas para nuestros hij@s, siempre de manera DIVERTIDA!.<\/p>\n<p>&nbsp;<\/p>\n<p><em><strong>\u00bfQUI\u00c9NES VAN A SER L@S MONITORES?<\/strong><\/em><\/p>\n<p>Desde la AMPA hemos formado un equipo de trabajo contando con Monitores titulados con competencias espec\u00edficas y con un perfil pedag\u00f3gico adaptado a cada necesidad.<\/p>\n<p>Los Monitores que van a participar en el DiverCampus 2024, adem\u00e1s de su titulaci\u00f3n de Monitor de Ocio y Tiempo Libre y Direcci\u00f3n, disponen de otras titulaciones adicionales y formaciones superiores, como estudios de Maestro de Educaci\u00f3n Primaria, formaciones acad\u00e9micas y Universitarias, y cualificaciones espec\u00edficas de perfil pedag\u00f3gico. La mayor\u00eda de ellos ya conocen a nuestros hijos, pues han trabajado anteriormente con nuestros ni\u00f1os y ni\u00f1as de Calamonte en otras diferentes Actividades desarrolladas y van a estar avalados por la confianza de las Familias de la AMPA.<\/p>\n<p>&nbsp;<\/p>\n<p><strong>\u00bfPODREMOS CONOCERLOS ANTES DE EMPEZAR EL CAMPUS?<\/strong><\/p>\n<p>La AMPA va a organizar una PRESENTACI\u00d3N del Campus a las Familias con anterioridad suficiente al inicio del DiverCampus. En esa presentaci\u00f3n se pretende explicar presencialmente a las Familias todo el funcionamiento del Campus, organizaci\u00f3n, programaci\u00f3n y conocimiento personal de los Monitores y de los profesionales externos especialistas, que se les invitar\u00e1 a asistir ese d\u00eda.<\/p>\n<p>Se pretende realizar el d\u00eda <strong>12 de JUNIO<\/strong> en la Casa de la Cultura (lugar por confirmar), y se informar\u00e1 con tiempo a todos los inscritos<\/p>\n<p>&nbsp;<\/p>\n<p><strong>\u00bfHABR\u00c1 RECURSO MUNICIPALES facilitados a la AMPA?<\/strong><\/p>\n<p><strong>\u00a0<\/strong>El Ayuntamiento ha facilitado a la AMPA para este a\u00f1o diferentes recursos municipales:<\/p>\n<ul>\n<li>Uso de la PISCINA municipal 3 d\u00edas en semana.<\/li>\n<li>Disposici\u00f3n de la POLIC\u00cdA LOCAL, u otros recursos municipales alternativos, para cualquier DESPLAZAMIENTO de los ni\u00f1os y SALIDAS del Colegio.<\/li>\n<li>Disposici\u00f3n del Pabell\u00f3n MIGUEL PERIA\u00d1EZ<\/li>\n<li>Celebraci\u00f3n por parte del Ayto. de 3 \u00f3 4 eventos \u201cFIESTAS\u201d durante el verano, que este a\u00f1o se realizar\u00e1 de manera conjunta para todos los campus.<\/li>\n<li>Colaboraci\u00f3n en la COORDINACI\u00d3N del Campus y en el Desarrollo del Proyecto de la AMPA.<\/li>\n<li>Otras ayudas prestadas.<\/li>\n<\/ul>\n<p>&nbsp;<\/p>\n<p><strong>\u00bfHABR\u00c1 RECURSO DEL CEIP facilitados a la AMPA?<\/strong><\/p>\n<p>El CEIP, a trav\u00e9s del Equipo Directivo que ha estado en contacto con la AMPA, nos facilitan los siguientes recursos:<\/p>\n<ul>\n<li>USO del Centro Educativo para el desarrollo del Campus, incluyendo las Aulas Climatizadas y patios para fiestas de los ni\u00f1@s, actividades exteriores y piscinas.<\/li>\n<li>Cesi\u00f3n de material deportivo espec\u00edfico, bajo responsabilidad de la AMPA, para el desarrollo de actividades l\u00fadicas y deportivas.<\/li>\n<li>Colaboraci\u00f3n en el DESARRROLLO del Proyecto y aportaci\u00f3n de otros recursos que facilitan el Campus.<\/li>\n<\/ul>\n<p>&nbsp;<\/p>\n<p><strong>\u00bfCU\u00c1NTAS PLAZAS HAY DISPONIBLES?<\/strong><\/p>\n<p>Hemos organizado el Campus para 100 Plazas disponibles para cada mes, no obstante, si en los primeros d\u00edas de inscripciones de las Familias AMPA el n\u00famero de inscripciones superaran las plazas ofrecidas, desde la Directiva trabajar\u00edamos para aumentar el n\u00famero de Monitores del Campus y que <strong>todos los ni\u00f1@s de la AMPA<\/strong> que se inscriban <strong>en la <u>primera semana<\/u> de inscripciones<\/strong> pudieran tener plaza en el Campus.<\/p>\n<p>Aquellos que sobrepasen las 100 plazas en la primera semana, pasar\u00edan a una lista de espera que ir\u00edamos confirmando en las semanas siguientes.<\/p>\n<p>Recomendamos siempre que realic\u00e9is las inscripciones en los primeros d\u00edas del plazo, lo antes posible, sobre todo aquellas familias con necesidad de que se atiendan a sus por motivos laborales en verano.<\/p>\n<p>&nbsp;<\/p>\n<p><strong>\u00bfHABR\u00c1 UN SEGUNDO PLAZO PARA AMPLIAR INSCRIPCIONES?<\/strong><\/p>\n<p>S\u00ed, del <strong>15 al 20 de JULIO<\/strong>, siempre y cuando haya plazas disponibles, se abrir\u00e1 un 2\u00ba Plazo de inscripciones para aquellas Familias que quieran ampliar inscripci\u00f3n para el mes de <strong><u>AGOSTO<\/u><\/strong>. SI no hubiera plazas disponibles por estar el Campus completo ya, entonces se informar\u00eda a las familias y no se abrir\u00eda este plazo.<\/p>\n<p>Conviene reservar desde el principio, en la 1\u00aa inscripci\u00f3n, todas las semanas de las que se pretenda hacer uso del Campus.<\/p>\n","protected":false},"excerpt":{"rendered":"<p>\u00bfCU\u00c1NDO INSCRIBIRSE? AMPA: Martes, 30-ABR, desde las 16:00 h GENERAL: Martes 7-MAYO, desde las 16:00 h &nbsp; \u00bfC\u00d3MO INSCRIBIRSE? 1.- Rellenando el FORMULARIO de Google, copia el siguiente enlace y p\u00e9galo en tu navegador: https:\/\/forms.gle\/6QivJhjKd6RPYGEE7 (tambi\u00e9n puedes pinchar directamente en el enlace \u00abGoogle FORMS\u00bb que has recibido en el Whatsapp de la AMPA) &nbsp; OTRAS [&hellip;]<\/p>\n","protected":false},"author":2,"featured_media":1760,"comment_status":"closed","ping_status":"closed","sticky":false,"template":"","format":"standard","meta":{"inline_featured_image":false,"footnotes":""},"categories":[7,6],"tags":[],"class_list":["post-1754","post","type-post","status-publish","format-standard","has-post-thumbnail","hentry","category-eventos","category-noticias"],"yoast_head":"<!-- This site is optimized with the Yoast SEO plugin v27.6 - https:\/\/yoast.com\/product\/yoast-seo-wordpress\/ -->\n<title>DIVERCampus-El Veranillo 2024 - AMPA del CEIP &quot;San Jose&quot; de Calamonte<\/title>\n<meta name=\"robots\" content=\"index, follow, max-snippet:-1, max-image-preview:large, max-video-preview:-1\" \/>\n<link rel=\"canonical\" href=\"https:\/\/ampacalamonte.es\/?p=1754\" \/>\n<meta property=\"og:locale\" content=\"es_ES\" \/>\n<meta property=\"og:type\" content=\"article\" \/>\n<meta property=\"og:title\" content=\"DIVERCampus-El Veranillo 2024 - AMPA del CEIP &quot;San Jose&quot; de Calamonte\" \/>\n<meta property=\"og:description\" content=\"\u00bfCU\u00c1NDO INSCRIBIRSE? AMPA: Martes, 30-ABR, desde las 16:00 h GENERAL: Martes 7-MAYO, desde las 16:00 h &nbsp; \u00bfC\u00d3MO INSCRIBIRSE? 1.- Rellenando el FORMULARIO de Google, copia el siguiente enlace y p\u00e9galo en tu navegador: https:\/\/forms.gle\/6QivJhjKd6RPYGEE7 (tambi\u00e9n puedes pinchar directamente en el enlace \u00abGoogle FORMS\u00bb que has recibido en el Whatsapp de la AMPA) &nbsp; OTRAS [&hellip;]\" \/>\n<meta property=\"og:url\" content=\"https:\/\/ampacalamonte.es\/?p=1754\" \/>\n<meta property=\"og:site_name\" content=\"AMPA del CEIP &quot;San Jose&quot; de Calamonte\" \/>\n<meta property=\"article:published_time\" content=\"2024-04-23T08:24:39+00:00\" \/>\n<meta property=\"article:modified_time\" content=\"2024-04-28T17:38:10+00:00\" \/>\n<meta property=\"og:image\" content=\"https:\/\/ampacalamonte.es\/wp-content\/uploads\/2024\/04\/CABECERA_web.png\" \/>\n\t<meta property=\"og:image:width\" content=\"1234\" \/>\n\t<meta property=\"og:image:height\" content=\"796\" \/>\n\t<meta property=\"og:image:type\" content=\"image\/png\" \/>\n<meta name=\"author\" content=\"Francisco Blanco\" \/>\n<meta name=\"twitter:card\" content=\"summary_large_image\" \/>\n<meta name=\"twitter:label1\" content=\"Escrito por\" \/>\n\t<meta name=\"twitter:data1\" content=\"Francisco Blanco\" \/>\n\t<meta name=\"twitter:label2\" content=\"Tiempo de lectura\" \/>\n\t<meta name=\"twitter:data2\" content=\"8 minutos\" \/>\n<script type=\"application\/ld+json\" class=\"yoast-schema-graph\">{\"@context\":\"https:\\\/\\\/schema.org\",\"@graph\":[{\"@type\":\"Article\",\"@id\":\"https:\\\/\\\/ampacalamonte.es\\\/?p=1754#article\",\"isPartOf\":{\"@id\":\"https:\\\/\\\/ampacalamonte.es\\\/?p=1754\"},\"author\":{\"name\":\"Francisco Blanco\",\"@id\":\"https:\\\/\\\/ampacalamonte.es\\\/#\\\/schema\\\/person\\\/dc3308a4ebebfa327bcc46f1e7c787cc\"},\"headline\":\"DIVERCampus-El Veranillo 2024\",\"datePublished\":\"2024-04-23T08:24:39+00:00\",\"dateModified\":\"2024-04-28T17:38:10+00:00\",\"mainEntityOfPage\":{\"@id\":\"https:\\\/\\\/ampacalamonte.es\\\/?p=1754\"},\"wordCount\":1674,\"publisher\":{\"@id\":\"https:\\\/\\\/ampacalamonte.es\\\/#organization\"},\"image\":{\"@id\":\"https:\\\/\\\/ampacalamonte.es\\\/?p=1754#primaryimage\"},\"thumbnailUrl\":\"https:\\\/\\\/ampacalamonte.es\\\/wp-content\\\/uploads\\\/2024\\\/04\\\/CABECERA_web.png\",\"articleSection\":[\"EVENTOS\",\"NOTICIAS\"],\"inLanguage\":\"es\"},{\"@type\":\"WebPage\",\"@id\":\"https:\\\/\\\/ampacalamonte.es\\\/?p=1754\",\"url\":\"https:\\\/\\\/ampacalamonte.es\\\/?p=1754\",\"name\":\"DIVERCampus-El Veranillo 2024 - AMPA del CEIP &quot;San Jose&quot; de Calamonte\",\"isPartOf\":{\"@id\":\"https:\\\/\\\/ampacalamonte.es\\\/#website\"},\"primaryImageOfPage\":{\"@id\":\"https:\\\/\\\/ampacalamonte.es\\\/?p=1754#primaryimage\"},\"image\":{\"@id\":\"https:\\\/\\\/ampacalamonte.es\\\/?p=1754#primaryimage\"},\"thumbnailUrl\":\"https:\\\/\\\/ampacalamonte.es\\\/wp-content\\\/uploads\\\/2024\\\/04\\\/CABECERA_web.png\",\"datePublished\":\"2024-04-23T08:24:39+00:00\",\"dateModified\":\"2024-04-28T17:38:10+00:00\",\"breadcrumb\":{\"@id\":\"https:\\\/\\\/ampacalamonte.es\\\/?p=1754#breadcrumb\"},\"inLanguage\":\"es\",\"potentialAction\":[{\"@type\":\"ReadAction\",\"target\":[\"https:\\\/\\\/ampacalamonte.es\\\/?p=1754\"]}]},{\"@type\":\"ImageObject\",\"inLanguage\":\"es\",\"@id\":\"https:\\\/\\\/ampacalamonte.es\\\/?p=1754#primaryimage\",\"url\":\"https:\\\/\\\/ampacalamonte.es\\\/wp-content\\\/uploads\\\/2024\\\/04\\\/CABECERA_web.png\",\"contentUrl\":\"https:\\\/\\\/ampacalamonte.es\\\/wp-content\\\/uploads\\\/2024\\\/04\\\/CABECERA_web.png\",\"width\":1234,\"height\":796},{\"@type\":\"BreadcrumbList\",\"@id\":\"https:\\\/\\\/ampacalamonte.es\\\/?p=1754#breadcrumb\",\"itemListElement\":[{\"@type\":\"ListItem\",\"position\":1,\"name\":\"Portada\",\"item\":\"https:\\\/\\\/ampacalamonte.es\\\/?page_id=35\"},{\"@type\":\"ListItem\",\"position\":2,\"name\":\"DIVERCampus-El Veranillo 2024\"}]},{\"@type\":\"WebSite\",\"@id\":\"https:\\\/\\\/ampacalamonte.es\\\/#website\",\"url\":\"https:\\\/\\\/ampacalamonte.es\\\/\",\"name\":\"AMPA del CEIP \\\"San Jose\\\" de Calamonte\",\"description\":\"AMPA San Jose (CALAMONTE)\",\"publisher\":{\"@id\":\"https:\\\/\\\/ampacalamonte.es\\\/#organization\"},\"potentialAction\":[{\"@type\":\"SearchAction\",\"target\":{\"@type\":\"EntryPoint\",\"urlTemplate\":\"https:\\\/\\\/ampacalamonte.es\\\/?s={search_term_string}\"},\"query-input\":{\"@type\":\"PropertyValueSpecification\",\"valueRequired\":true,\"valueName\":\"search_term_string\"}}],\"inLanguage\":\"es\"},{\"@type\":\"Organization\",\"@id\":\"https:\\\/\\\/ampacalamonte.es\\\/#organization\",\"name\":\"AMPA del CEIP \\\"San Jose\\\" de Calamonte\",\"url\":\"https:\\\/\\\/ampacalamonte.es\\\/\",\"logo\":{\"@type\":\"ImageObject\",\"inLanguage\":\"es\",\"@id\":\"https:\\\/\\\/ampacalamonte.es\\\/#\\\/schema\\\/logo\\\/image\\\/\",\"url\":\"https:\\\/\\\/ampacalamonte.es\\\/wp-content\\\/uploads\\\/2022\\\/05\\\/LOGO_AMPA_RECTO_2021a.jpg\",\"contentUrl\":\"https:\\\/\\\/ampacalamonte.es\\\/wp-content\\\/uploads\\\/2022\\\/05\\\/LOGO_AMPA_RECTO_2021a.jpg\",\"width\":410,\"height\":410,\"caption\":\"AMPA del CEIP \\\"San Jose\\\" de Calamonte\"},\"image\":{\"@id\":\"https:\\\/\\\/ampacalamonte.es\\\/#\\\/schema\\\/logo\\\/image\\\/\"}},{\"@type\":\"Person\",\"@id\":\"https:\\\/\\\/ampacalamonte.es\\\/#\\\/schema\\\/person\\\/dc3308a4ebebfa327bcc46f1e7c787cc\",\"name\":\"Francisco Blanco\",\"url\":\"https:\\\/\\\/ampacalamonte.es\\\/?author=2\"}]}<\/script>\n<!-- \/ Yoast SEO plugin. -->","yoast_head_json":{"title":"DIVERCampus-El Veranillo 2024 - AMPA del CEIP &quot;San Jose&quot; de Calamonte","robots":{"index":"index","follow":"follow","max-snippet":"max-snippet:-1","max-image-preview":"max-image-preview:large","max-video-preview":"max-video-preview:-1"},"canonical":"https:\/\/ampacalamonte.es\/?p=1754","og_locale":"es_ES","og_type":"article","og_title":"DIVERCampus-El Veranillo 2024 - AMPA del CEIP &quot;San Jose&quot; de Calamonte","og_description":"\u00bfCU\u00c1NDO INSCRIBIRSE? AMPA: Martes, 30-ABR, desde las 16:00 h GENERAL: Martes 7-MAYO, desde las 16:00 h &nbsp; \u00bfC\u00d3MO INSCRIBIRSE? 1.- Rellenando el FORMULARIO de Google, copia el siguiente enlace y p\u00e9galo en tu navegador: https:\/\/forms.gle\/6QivJhjKd6RPYGEE7 (tambi\u00e9n puedes pinchar directamente en el enlace \u00abGoogle FORMS\u00bb que has recibido en el Whatsapp de la AMPA) &nbsp; OTRAS [&hellip;]","og_url":"https:\/\/ampacalamonte.es\/?p=1754","og_site_name":"AMPA del CEIP &quot;San Jose&quot; de Calamonte","article_published_time":"2024-04-23T08:24:39+00:00","article_modified_time":"2024-04-28T17:38:10+00:00","og_image":[{"width":1234,"height":796,"url":"https:\/\/ampacalamonte.es\/wp-content\/uploads\/2024\/04\/CABECERA_web.png","type":"image\/png"}],"author":"Francisco Blanco","twitter_card":"summary_large_image","twitter_misc":{"Escrito por":"Francisco Blanco","Tiempo de lectura":"8 minutos"},"schema":{"@context":"https:\/\/schema.org","@graph":[{"@type":"Article","@id":"https:\/\/ampacalamonte.es\/?p=1754#article","isPartOf":{"@id":"https:\/\/ampacalamonte.es\/?p=1754"},"author":{"name":"Francisco Blanco","@id":"https:\/\/ampacalamonte.es\/#\/schema\/person\/dc3308a4ebebfa327bcc46f1e7c787cc"},"headline":"DIVERCampus-El Veranillo 2024","datePublished":"2024-04-23T08:24:39+00:00","dateModified":"2024-04-28T17:38:10+00:00","mainEntityOfPage":{"@id":"https:\/\/ampacalamonte.es\/?p=1754"},"wordCount":1674,"publisher":{"@id":"https:\/\/ampacalamonte.es\/#organization"},"image":{"@id":"https:\/\/ampacalamonte.es\/?p=1754#primaryimage"},"thumbnailUrl":"https:\/\/ampacalamonte.es\/wp-content\/uploads\/2024\/04\/CABECERA_web.png","articleSection":["EVENTOS","NOTICIAS"],"inLanguage":"es"},{"@type":"WebPage","@id":"https:\/\/ampacalamonte.es\/?p=1754","url":"https:\/\/ampacalamonte.es\/?p=1754","name":"DIVERCampus-El Veranillo 2024 - AMPA del CEIP &quot;San Jose&quot; de Calamonte","isPartOf":{"@id":"https:\/\/ampacalamonte.es\/#website"},"primaryImageOfPage":{"@id":"https:\/\/ampacalamonte.es\/?p=1754#primaryimage"},"image":{"@id":"https:\/\/ampacalamonte.es\/?p=1754#primaryimage"},"thumbnailUrl":"https:\/\/ampacalamonte.es\/wp-content\/uploads\/2024\/04\/CABECERA_web.png","datePublished":"2024-04-23T08:24:39+00:00","dateModified":"2024-04-28T17:38:10+00:00","breadcrumb":{"@id":"https:\/\/ampacalamonte.es\/?p=1754#breadcrumb"},"inLanguage":"es","potentialAction":[{"@type":"ReadAction","target":["https:\/\/ampacalamonte.es\/?p=1754"]}]},{"@type":"ImageObject","inLanguage":"es","@id":"https:\/\/ampacalamonte.es\/?p=1754#primaryimage","url":"https:\/\/ampacalamonte.es\/wp-content\/uploads\/2024\/04\/CABECERA_web.png","contentUrl":"https:\/\/ampacalamonte.es\/wp-content\/uploads\/2024\/04\/CABECERA_web.png","width":1234,"height":796},{"@type":"BreadcrumbList","@id":"https:\/\/ampacalamonte.es\/?p=1754#breadcrumb","itemListElement":[{"@type":"ListItem","position":1,"name":"Portada","item":"https:\/\/ampacalamonte.es\/?page_id=35"},{"@type":"ListItem","position":2,"name":"DIVERCampus-El Veranillo 2024"}]},{"@type":"WebSite","@id":"https:\/\/ampacalamonte.es\/#website","url":"https:\/\/ampacalamonte.es\/","name":"AMPA del CEIP \"San Jose\" de Calamonte","description":"AMPA San Jose (CALAMONTE)","publisher":{"@id":"https:\/\/ampacalamonte.es\/#organization"},"potentialAction":[{"@type":"SearchAction","target":{"@type":"EntryPoint","urlTemplate":"https:\/\/ampacalamonte.es\/?s={search_term_string}"},"query-input":{"@type":"PropertyValueSpecification","valueRequired":true,"valueName":"search_term_string"}}],"inLanguage":"es"},{"@type":"Organization","@id":"https:\/\/ampacalamonte.es\/#organization","name":"AMPA del CEIP \"San Jose\" de Calamonte","url":"https:\/\/ampacalamonte.es\/","logo":{"@type":"ImageObject","inLanguage":"es","@id":"https:\/\/ampacalamonte.es\/#\/schema\/logo\/image\/","url":"https:\/\/ampacalamonte.es\/wp-content\/uploads\/2022\/05\/LOGO_AMPA_RECTO_2021a.jpg","contentUrl":"https:\/\/ampacalamonte.es\/wp-content\/uploads\/2022\/05\/LOGO_AMPA_RECTO_2021a.jpg","width":410,"height":410,"caption":"AMPA del CEIP \"San Jose\" de Calamonte"},"image":{"@id":"https:\/\/ampacalamonte.es\/#\/schema\/logo\/image\/"}},{"@type":"Person","@id":"https:\/\/ampacalamonte.es\/#\/schema\/person\/dc3308a4ebebfa327bcc46f1e7c787cc","name":"Francisco Blanco","url":"https:\/\/ampacalamonte.es\/?author=2"}]}},"_links":{"self":[{"href":"https:\/\/ampacalamonte.es\/index.php?rest_route=\/wp\/v2\/posts\/1754","targetHints":{"allow":["GET"]}}],"collection":[{"href":"https:\/\/ampacalamonte.es\/index.php?rest_route=\/wp\/v2\/posts"}],"about":[{"href":"https:\/\/ampacalamonte.es\/index.php?rest_route=\/wp\/v2\/types\/post"}],"author":[{"embeddable":true,"href":"https:\/\/ampacalamonte.es\/index.php?rest_route=\/wp\/v2\/users\/2"}],"replies":[{"embeddable":true,"href":"https:\/\/ampacalamonte.es\/index.php?rest_route=%2Fwp%2Fv2%2Fcomments&post=1754"}],"version-history":[{"count":27,"href":"https:\/\/ampacalamonte.es\/index.php?rest_route=\/wp\/v2\/posts\/1754\/revisions"}],"predecessor-version":[{"id":1787,"href":"https:\/\/ampacalamonte.es\/index.php?rest_route=\/wp\/v2\/posts\/1754\/revisions\/1787"}],"wp:featuredmedia":[{"embeddable":true,"href":"https:\/\/ampacalamonte.es\/index.php?rest_route=\/wp\/v2\/media\/1760"}],"wp:attachment":[{"href":"https:\/\/ampacalamonte.es\/index.php?rest_route=%2Fwp%2Fv2%2Fmedia&parent=1754"}],"wp:term":[{"taxonomy":"category","embeddable":true,"href":"https:\/\/ampacalamonte.es\/index.php?rest_route=%2Fwp%2Fv2%2Fcategories&post=1754"},{"taxonomy":"post_tag","embeddable":true,"href":"https:\/\/ampacalamonte.es\/index.php?rest_route=%2Fwp%2Fv2%2Ftags&post=1754"}],"curies":[{"name":"wp","href":"https:\/\/api.w.org\/{rel}","templated":true}]}}