{"id":1730,"date":"2023-11-30T18:30:25","date_gmt":"2023-11-30T17:30:25","guid":{"rendered":"https:\/\/ampacalamonte.es\/?p=1730"},"modified":"2024-09-05T07:19:03","modified_gmt":"2024-09-05T06:19:03","slug":"nueva-junta-directiva-ampa","status":"publish","type":"post","link":"https:\/\/ampacalamonte.es\/?p=1730","title":{"rendered":"NUEVA Junta DIRECTIVA: \u00a1Con\u00f3cenos!"},"content":{"rendered":"<p>Estimadas Familias: El pasado 16 de noviembre se celebr\u00f3 de la Ampa, donde se renov\u00f3 la Junta Directiva para los pr\u00f3ximos 2 cursos 2023\/24 y 2024\/25.<\/p>\n<p>Los nuevos cargos\u00a0 que representamos 8 Padres y Madres de Familias son:<\/p>\n<p><strong>Cargos Directivos:<\/strong><\/p>\n<ul>\n<li>VICTORIA Pe\u00f1ato (<strong>Secretaria<\/strong>),<\/li>\n<li>ANA BEL\u00c9N Romo (<strong>Tesorera<\/strong>)<\/li>\n<li>FRAN Blanco (<strong>Presidente<\/strong>).<\/li>\n<\/ul>\n<p><strong>VOCALES:<\/strong><\/p>\n<p>1.- M\u00aa \u00c1NGELES Farrona<\/p>\n<p>2.- FE Rguez.<\/p>\n<p>3.- MARI SOL \u00c1lvarez Nieto<\/p>\n<p>4.- MAR\u00cdA V\u00e1zquez<\/p>\n<p>5.- NAZARET Gal\u00e1n<\/p>\n<p>Puedes conocernos en el siguiente enlace:<\/p>\n<p><strong>https:\/\/ampacalamonte.es\/?page_id=135<\/strong><\/p>\n<p>&nbsp;<\/p>\n<p>&nbsp;<\/p>\n","protected":false},"excerpt":{"rendered":"<p>Estimadas Familias: El pasado 16 de noviembre se celebr\u00f3 de la Ampa, donde se renov\u00f3 la Junta Directiva para los pr\u00f3ximos 2 cursos 2023\/24 y 2024\/25. Los nuevos cargos\u00a0 que representamos 8 Padres y Madres de Familias son: Cargos Directivos: VICTORIA Pe\u00f1ato (Secretaria), ANA BEL\u00c9N Romo (Tesorera) FRAN Blanco (Presidente). VOCALES: 1.- M\u00aa \u00c1NGELES Farrona [&hellip;]<\/p>\n","protected":false},"author":2,"featured_media":1346,"comment_status":"closed","ping_status":"closed","sticky":false,"template":"","format":"standard","meta":{"inline_featured_image":false,"footnotes":""},"categories":[7,6],"tags":[],"class_list":["post-1730","post","type-post","status-publish","format-standard","has-post-thumbnail","hentry","category-eventos","category-noticias"],"yoast_head":"<!-- This site is optimized with the Yoast SEO plugin v27.6 - https:\/\/yoast.com\/product\/yoast-seo-wordpress\/ -->\n<title>NUEVA Junta DIRECTIVA: \u00a1Con\u00f3cenos! - AMPA del CEIP &quot;San Jose&quot; de Calamonte<\/title>\n<meta name=\"robots\" content=\"index, follow, max-snippet:-1, max-image-preview:large, max-video-preview:-1\" \/>\n<link rel=\"canonical\" href=\"https:\/\/ampacalamonte.es\/?p=1730\" \/>\n<meta property=\"og:locale\" content=\"es_ES\" \/>\n<meta property=\"og:type\" content=\"article\" \/>\n<meta property=\"og:title\" content=\"NUEVA Junta DIRECTIVA: \u00a1Con\u00f3cenos! - AMPA del CEIP &quot;San Jose&quot; de Calamonte\" \/>\n<meta property=\"og:description\" content=\"Estimadas Familias: El pasado 16 de noviembre se celebr\u00f3 de la Ampa, donde se renov\u00f3 la Junta Directiva para los pr\u00f3ximos 2 cursos 2023\/24 y 2024\/25. Los nuevos cargos\u00a0 que representamos 8 Padres y Madres de Familias son: Cargos Directivos: VICTORIA Pe\u00f1ato (Secretaria), ANA BEL\u00c9N Romo (Tesorera) FRAN Blanco (Presidente). VOCALES: 1.- M\u00aa \u00c1NGELES Farrona [&hellip;]\" \/>\n<meta property=\"og:url\" content=\"https:\/\/ampacalamonte.es\/?p=1730\" \/>\n<meta property=\"og:site_name\" content=\"AMPA del CEIP &quot;San Jose&quot; de Calamonte\" \/>\n<meta property=\"article:published_time\" content=\"2023-11-30T17:30:25+00:00\" \/>\n<meta property=\"article:modified_time\" content=\"2024-09-05T06:19:03+00:00\" \/>\n<meta property=\"og:image\" content=\"https:\/\/ampacalamonte.es\/wp-content\/uploads\/2022\/09\/cropped-LOGO2.jpg\" \/>\n\t<meta property=\"og:image:width\" content=\"512\" \/>\n\t<meta property=\"og:image:height\" content=\"512\" \/>\n\t<meta property=\"og:image:type\" content=\"image\/jpeg\" \/>\n<meta name=\"author\" content=\"Francisco Blanco\" \/>\n<meta name=\"twitter:card\" content=\"summary_large_image\" \/>\n<meta name=\"twitter:label1\" content=\"Escrito por\" \/>\n\t<meta name=\"twitter:data1\" content=\"Francisco Blanco\" \/>\n<script type=\"application\/ld+json\" class=\"yoast-schema-graph\">{\"@context\":\"https:\\\/\\\/schema.org\",\"@graph\":[{\"@type\":\"Article\",\"@id\":\"https:\\\/\\\/ampacalamonte.es\\\/?p=1730#article\",\"isPartOf\":{\"@id\":\"https:\\\/\\\/ampacalamonte.es\\\/?p=1730\"},\"author\":{\"name\":\"Francisco Blanco\",\"@id\":\"https:\\\/\\\/ampacalamonte.es\\\/#\\\/schema\\\/person\\\/dc3308a4ebebfa327bcc46f1e7c787cc\"},\"headline\":\"NUEVA Junta DIRECTIVA: \u00a1Con\u00f3cenos!\",\"datePublished\":\"2023-11-30T17:30:25+00:00\",\"dateModified\":\"2024-09-05T06:19:03+00:00\",\"mainEntityOfPage\":{\"@id\":\"https:\\\/\\\/ampacalamonte.es\\\/?p=1730\"},\"wordCount\":88,\"publisher\":{\"@id\":\"https:\\\/\\\/ampacalamonte.es\\\/#organization\"},\"image\":{\"@id\":\"https:\\\/\\\/ampacalamonte.es\\\/?p=1730#primaryimage\"},\"thumbnailUrl\":\"https:\\\/\\\/ampacalamonte.es\\\/wp-content\\\/uploads\\\/2022\\\/09\\\/cropped-LOGO2.jpg\",\"articleSection\":[\"EVENTOS\",\"NOTICIAS\"],\"inLanguage\":\"es\"},{\"@type\":\"WebPage\",\"@id\":\"https:\\\/\\\/ampacalamonte.es\\\/?p=1730\",\"url\":\"https:\\\/\\\/ampacalamonte.es\\\/?p=1730\",\"name\":\"NUEVA Junta DIRECTIVA: \u00a1Con\u00f3cenos! - AMPA del CEIP &quot;San Jose&quot; de Calamonte\",\"isPartOf\":{\"@id\":\"https:\\\/\\\/ampacalamonte.es\\\/#website\"},\"primaryImageOfPage\":{\"@id\":\"https:\\\/\\\/ampacalamonte.es\\\/?p=1730#primaryimage\"},\"image\":{\"@id\":\"https:\\\/\\\/ampacalamonte.es\\\/?p=1730#primaryimage\"},\"thumbnailUrl\":\"https:\\\/\\\/ampacalamonte.es\\\/wp-content\\\/uploads\\\/2022\\\/09\\\/cropped-LOGO2.jpg\",\"datePublished\":\"2023-11-30T17:30:25+00:00\",\"dateModified\":\"2024-09-05T06:19:03+00:00\",\"breadcrumb\":{\"@id\":\"https:\\\/\\\/ampacalamonte.es\\\/?p=1730#breadcrumb\"},\"inLanguage\":\"es\",\"potentialAction\":[{\"@type\":\"ReadAction\",\"target\":[\"https:\\\/\\\/ampacalamonte.es\\\/?p=1730\"]}]},{\"@type\":\"ImageObject\",\"inLanguage\":\"es\",\"@id\":\"https:\\\/\\\/ampacalamonte.es\\\/?p=1730#primaryimage\",\"url\":\"https:\\\/\\\/ampacalamonte.es\\\/wp-content\\\/uploads\\\/2022\\\/09\\\/cropped-LOGO2.jpg\",\"contentUrl\":\"https:\\\/\\\/ampacalamonte.es\\\/wp-content\\\/uploads\\\/2022\\\/09\\\/cropped-LOGO2.jpg\",\"width\":512,\"height\":512},{\"@type\":\"BreadcrumbList\",\"@id\":\"https:\\\/\\\/ampacalamonte.es\\\/?p=1730#breadcrumb\",\"itemListElement\":[{\"@type\":\"ListItem\",\"position\":1,\"name\":\"Portada\",\"item\":\"https:\\\/\\\/ampacalamonte.es\\\/?page_id=35\"},{\"@type\":\"ListItem\",\"position\":2,\"name\":\"NUEVA Junta DIRECTIVA: \u00a1Con\u00f3cenos!\"}]},{\"@type\":\"WebSite\",\"@id\":\"https:\\\/\\\/ampacalamonte.es\\\/#website\",\"url\":\"https:\\\/\\\/ampacalamonte.es\\\/\",\"name\":\"AMPA del CEIP \\\"San Jose\\\" de Calamonte\",\"description\":\"AMPA San Jose (CALAMONTE)\",\"publisher\":{\"@id\":\"https:\\\/\\\/ampacalamonte.es\\\/#organization\"},\"potentialAction\":[{\"@type\":\"SearchAction\",\"target\":{\"@type\":\"EntryPoint\",\"urlTemplate\":\"https:\\\/\\\/ampacalamonte.es\\\/?s={search_term_string}\"},\"query-input\":{\"@type\":\"PropertyValueSpecification\",\"valueRequired\":true,\"valueName\":\"search_term_string\"}}],\"inLanguage\":\"es\"},{\"@type\":\"Organization\",\"@id\":\"https:\\\/\\\/ampacalamonte.es\\\/#organization\",\"name\":\"AMPA del CEIP \\\"San Jose\\\" de Calamonte\",\"url\":\"https:\\\/\\\/ampacalamonte.es\\\/\",\"logo\":{\"@type\":\"ImageObject\",\"inLanguage\":\"es\",\"@id\":\"https:\\\/\\\/ampacalamonte.es\\\/#\\\/schema\\\/logo\\\/image\\\/\",\"url\":\"https:\\\/\\\/ampacalamonte.es\\\/wp-content\\\/uploads\\\/2022\\\/05\\\/LOGO_AMPA_RECTO_2021a.jpg\",\"contentUrl\":\"https:\\\/\\\/ampacalamonte.es\\\/wp-content\\\/uploads\\\/2022\\\/05\\\/LOGO_AMPA_RECTO_2021a.jpg\",\"width\":410,\"height\":410,\"caption\":\"AMPA del CEIP \\\"San Jose\\\" de Calamonte\"},\"image\":{\"@id\":\"https:\\\/\\\/ampacalamonte.es\\\/#\\\/schema\\\/logo\\\/image\\\/\"}},{\"@type\":\"Person\",\"@id\":\"https:\\\/\\\/ampacalamonte.es\\\/#\\\/schema\\\/person\\\/dc3308a4ebebfa327bcc46f1e7c787cc\",\"name\":\"Francisco Blanco\",\"url\":\"https:\\\/\\\/ampacalamonte.es\\\/?author=2\"}]}<\/script>\n<!-- \/ Yoast SEO plugin. -->","yoast_head_json":{"title":"NUEVA Junta DIRECTIVA: \u00a1Con\u00f3cenos! - AMPA del CEIP &quot;San Jose&quot; de Calamonte","robots":{"index":"index","follow":"follow","max-snippet":"max-snippet:-1","max-image-preview":"max-image-preview:large","max-video-preview":"max-video-preview:-1"},"canonical":"https:\/\/ampacalamonte.es\/?p=1730","og_locale":"es_ES","og_type":"article","og_title":"NUEVA Junta DIRECTIVA: \u00a1Con\u00f3cenos! - AMPA del CEIP &quot;San Jose&quot; de Calamonte","og_description":"Estimadas Familias: El pasado 16 de noviembre se celebr\u00f3 de la Ampa, donde se renov\u00f3 la Junta Directiva para los pr\u00f3ximos 2 cursos 2023\/24 y 2024\/25. Los nuevos cargos\u00a0 que representamos 8 Padres y Madres de Familias son: Cargos Directivos: VICTORIA Pe\u00f1ato (Secretaria), ANA BEL\u00c9N Romo (Tesorera) FRAN Blanco (Presidente). VOCALES: 1.- M\u00aa \u00c1NGELES Farrona [&hellip;]","og_url":"https:\/\/ampacalamonte.es\/?p=1730","og_site_name":"AMPA del CEIP &quot;San Jose&quot; de Calamonte","article_published_time":"2023-11-30T17:30:25+00:00","article_modified_time":"2024-09-05T06:19:03+00:00","og_image":[{"width":512,"height":512,"url":"https:\/\/ampacalamonte.es\/wp-content\/uploads\/2022\/09\/cropped-LOGO2.jpg","type":"image\/jpeg"}],"author":"Francisco Blanco","twitter_card":"summary_large_image","twitter_misc":{"Escrito por":"Francisco Blanco"},"schema":{"@context":"https:\/\/schema.org","@graph":[{"@type":"Article","@id":"https:\/\/ampacalamonte.es\/?p=1730#article","isPartOf":{"@id":"https:\/\/ampacalamonte.es\/?p=1730"},"author":{"name":"Francisco Blanco","@id":"https:\/\/ampacalamonte.es\/#\/schema\/person\/dc3308a4ebebfa327bcc46f1e7c787cc"},"headline":"NUEVA Junta DIRECTIVA: \u00a1Con\u00f3cenos!","datePublished":"2023-11-30T17:30:25+00:00","dateModified":"2024-09-05T06:19:03+00:00","mainEntityOfPage":{"@id":"https:\/\/ampacalamonte.es\/?p=1730"},"wordCount":88,"publisher":{"@id":"https:\/\/ampacalamonte.es\/#organization"},"image":{"@id":"https:\/\/ampacalamonte.es\/?p=1730#primaryimage"},"thumbnailUrl":"https:\/\/ampacalamonte.es\/wp-content\/uploads\/2022\/09\/cropped-LOGO2.jpg","articleSection":["EVENTOS","NOTICIAS"],"inLanguage":"es"},{"@type":"WebPage","@id":"https:\/\/ampacalamonte.es\/?p=1730","url":"https:\/\/ampacalamonte.es\/?p=1730","name":"NUEVA Junta DIRECTIVA: \u00a1Con\u00f3cenos! - AMPA del CEIP &quot;San Jose&quot; de Calamonte","isPartOf":{"@id":"https:\/\/ampacalamonte.es\/#website"},"primaryImageOfPage":{"@id":"https:\/\/ampacalamonte.es\/?p=1730#primaryimage"},"image":{"@id":"https:\/\/ampacalamonte.es\/?p=1730#primaryimage"},"thumbnailUrl":"https:\/\/ampacalamonte.es\/wp-content\/uploads\/2022\/09\/cropped-LOGO2.jpg","datePublished":"2023-11-30T17:30:25+00:00","dateModified":"2024-09-05T06:19:03+00:00","breadcrumb":{"@id":"https:\/\/ampacalamonte.es\/?p=1730#breadcrumb"},"inLanguage":"es","potentialAction":[{"@type":"ReadAction","target":["https:\/\/ampacalamonte.es\/?p=1730"]}]},{"@type":"ImageObject","inLanguage":"es","@id":"https:\/\/ampacalamonte.es\/?p=1730#primaryimage","url":"https:\/\/ampacalamonte.es\/wp-content\/uploads\/2022\/09\/cropped-LOGO2.jpg","contentUrl":"https:\/\/ampacalamonte.es\/wp-content\/uploads\/2022\/09\/cropped-LOGO2.jpg","width":512,"height":512},{"@type":"BreadcrumbList","@id":"https:\/\/ampacalamonte.es\/?p=1730#breadcrumb","itemListElement":[{"@type":"ListItem","position":1,"name":"Portada","item":"https:\/\/ampacalamonte.es\/?page_id=35"},{"@type":"ListItem","position":2,"name":"NUEVA Junta DIRECTIVA: \u00a1Con\u00f3cenos!"}]},{"@type":"WebSite","@id":"https:\/\/ampacalamonte.es\/#website","url":"https:\/\/ampacalamonte.es\/","name":"AMPA del CEIP \"San Jose\" de Calamonte","description":"AMPA San Jose (CALAMONTE)","publisher":{"@id":"https:\/\/ampacalamonte.es\/#organization"},"potentialAction":[{"@type":"SearchAction","target":{"@type":"EntryPoint","urlTemplate":"https:\/\/ampacalamonte.es\/?s={search_term_string}"},"query-input":{"@type":"PropertyValueSpecification","valueRequired":true,"valueName":"search_term_string"}}],"inLanguage":"es"},{"@type":"Organization","@id":"https:\/\/ampacalamonte.es\/#organization","name":"AMPA del CEIP \"San Jose\" de Calamonte","url":"https:\/\/ampacalamonte.es\/","logo":{"@type":"ImageObject","inLanguage":"es","@id":"https:\/\/ampacalamonte.es\/#\/schema\/logo\/image\/","url":"https:\/\/ampacalamonte.es\/wp-content\/uploads\/2022\/05\/LOGO_AMPA_RECTO_2021a.jpg","contentUrl":"https:\/\/ampacalamonte.es\/wp-content\/uploads\/2022\/05\/LOGO_AMPA_RECTO_2021a.jpg","width":410,"height":410,"caption":"AMPA del CEIP \"San Jose\" de Calamonte"},"image":{"@id":"https:\/\/ampacalamonte.es\/#\/schema\/logo\/image\/"}},{"@type":"Person","@id":"https:\/\/ampacalamonte.es\/#\/schema\/person\/dc3308a4ebebfa327bcc46f1e7c787cc","name":"Francisco Blanco","url":"https:\/\/ampacalamonte.es\/?author=2"}]}},"_links":{"self":[{"href":"https:\/\/ampacalamonte.es\/index.php?rest_route=\/wp\/v2\/posts\/1730","targetHints":{"allow":["GET"]}}],"collection":[{"href":"https:\/\/ampacalamonte.es\/index.php?rest_route=\/wp\/v2\/posts"}],"about":[{"href":"https:\/\/ampacalamonte.es\/index.php?rest_route=\/wp\/v2\/types\/post"}],"author":[{"embeddable":true,"href":"https:\/\/ampacalamonte.es\/index.php?rest_route=\/wp\/v2\/users\/2"}],"replies":[{"embeddable":true,"href":"https:\/\/ampacalamonte.es\/index.php?rest_route=%2Fwp%2Fv2%2Fcomments&post=1730"}],"version-history":[{"count":4,"href":"https:\/\/ampacalamonte.es\/index.php?rest_route=\/wp\/v2\/posts\/1730\/revisions"}],"predecessor-version":[{"id":1817,"href":"https:\/\/ampacalamonte.es\/index.php?rest_route=\/wp\/v2\/posts\/1730\/revisions\/1817"}],"wp:featuredmedia":[{"embeddable":true,"href":"https:\/\/ampacalamonte.es\/index.php?rest_route=\/wp\/v2\/media\/1346"}],"wp:attachment":[{"href":"https:\/\/ampacalamonte.es\/index.php?rest_route=%2Fwp%2Fv2%2Fmedia&parent=1730"}],"wp:term":[{"taxonomy":"category","embeddable":true,"href":"https:\/\/ampacalamonte.es\/index.php?rest_route=%2Fwp%2Fv2%2Fcategories&post=1730"},{"taxonomy":"post_tag","embeddable":true,"href":"https:\/\/ampacalamonte.es\/index.php?rest_route=%2Fwp%2Fv2%2Ftags&post=1730"}],"curies":[{"name":"wp","href":"https:\/\/api.w.org\/{rel}","templated":true}]}}