{"id":1456,"date":"2023-02-11T09:53:09","date_gmt":"2023-02-11T09:53:09","guid":{"rendered":"https:\/\/ampacalamonte.es\/?p=1456"},"modified":"2023-02-12T17:09:59","modified_gmt":"2023-02-12T17:09:59","slug":"fiesta-del-carnaval-infantil-lunes-20","status":"publish","type":"post","link":"https:\/\/ampacalamonte.es\/?p=1456","title":{"rendered":"Fiesta del CARNAVAL Infantil (lunes 20)"},"content":{"rendered":"<p>&nbsp;<\/p>\n<table width=\"499\">\n<tbody>\n<tr>\n<td width=\"207\">Fecha Actividad:<\/td>\n<td width=\"293\"><strong>Lunes, 20\/02\/2023<\/strong><\/td>\n<\/tr>\n<tr>\n<td width=\"207\">Hora Actividad:<\/td>\n<td width=\"293\"><strong>10:00 \u2013 13:00 h<\/strong><\/td>\n<\/tr>\n<tr>\n<td width=\"207\">Lugar de la Actividad:<\/td>\n<td width=\"293\"><strong>Pabell\u00f3n \u201cLAURA CAMPOS\u201d<\/strong><\/td>\n<\/tr>\n<tr>\n<td width=\"207\">Hora <strong>ENTRADA:<\/strong> Necesario registro con un ADULTO del menor<\/td>\n<td width=\"293\"><strong>Socios <\/strong>AMPA:<strong>\u00a0\u00a0\u00a0 <\/strong>A partir de las<strong> \u00a09:45 h<\/strong><\/p>\n<p><strong>General:<\/strong>\u00a0\u00a0\u00a0\u00a0\u00a0\u00a0\u00a0\u00a0\u00a0\u00a0\u00a0\u00a0 A partir de las<strong> 10:00 h<\/strong><\/p>\n<p>Importante: cierre de puertas a las <strong>10:15 h<\/strong><\/td>\n<\/tr>\n<tr>\n<td width=\"207\">Hora <strong>SALIDA: <\/strong>recogida de ni\u00f1os<\/td>\n<td width=\"293\"><strong>12:45 \u2013 13:00 h<\/strong><\/p>\n<p>Importante: salida de Monitores a las <strong>13:05 h<\/strong><\/td>\n<\/tr>\n<tr>\n<td width=\"207\"><strong>Inscripci\u00f3n<\/strong> previa <strong>necesaria:<\/strong><\/td>\n<td width=\"293\">S\u00f3lo por EMAIL. Hasta el 17\/02\/23 (inclusive)<\/p>\n<p><em>ampa.calamonte@gmail.com<\/em><\/p>\n<p>Indicar NOMBRE completo ni\u00f1o, Curso y CLASE, y TEL\u00c9FONO de un adulto<\/td>\n<\/tr>\n<tr>\n<td width=\"207\">Importe por cada ni\u00f1o:<\/td>\n<td width=\"293\">General: <strong>4 Euros<\/strong> &#8211; Ni\u00f1os AMPA: <strong>GRATIS.<\/strong><\/td>\n<\/tr>\n<tr>\n<td width=\"207\">Forma de Pago:<\/td>\n<td width=\"293\">En <strong><u>efectivo<\/u><\/strong>, a la <strong>ENTRADA<\/strong> d\u00eda 20 (importe exacto)<\/td>\n<\/tr>\n<tr>\n<td width=\"207\">Plazas:<\/td>\n<td width=\"293\"><strong>LIMITADAS <\/strong>para NO socios. ILIMITADAS Socios.<\/td>\n<\/tr>\n<tr>\n<td width=\"207\">Alcance:<\/td>\n<td width=\"293\">Ni\u00f1os escolarizados (s\u00f3lo <strong>ALUMNOS<\/strong> CEIP San Jos\u00e9)<\/td>\n<\/tr>\n<tr>\n<td width=\"207\"><strong>\u00bfQu\u00e9 deben llevar los ni\u00f1os?<\/strong><\/td>\n<td width=\"293\">Una botella de <strong>AGUA<\/strong> con su <strong>NOMBRE<\/strong> en una bolsita de tela o mochila peque\u00f1a y, si lo estim\u00e1is necesario, algo de merienda para media ma\u00f1ana.<\/td>\n<\/tr>\n<tr>\n<td width=\"207\"><strong>\u00bfC\u00f3mo deben ir los ni\u00f1os?<\/strong><\/td>\n<td width=\"293\">Ropa c\u00f3moda, preferiblemente deportiva (ch\u00e1ndal o similar) y encima pueden ir <strong>DISFRAZADOS<\/strong> como quieran.<\/p>\n<p><strong>Ni\u00f1os de INFANTIL<\/strong>: Rogamos disfraz F\u00c1CIL de quitar, para ir al ba\u00f1o (evitar, si es posible, disfraz enterizo)<\/td>\n<\/tr>\n<\/tbody>\n<\/table>\n","protected":false},"excerpt":{"rendered":"<p>&nbsp; Fecha Actividad: Lunes, 20\/02\/2023 Hora Actividad: 10:00 \u2013 13:00 h Lugar de la Actividad: Pabell\u00f3n \u201cLAURA CAMPOS\u201d Hora ENTRADA: Necesario registro con un ADULTO del menor Socios AMPA:\u00a0\u00a0\u00a0 A partir de las \u00a09:45 h General:\u00a0\u00a0\u00a0\u00a0\u00a0\u00a0\u00a0\u00a0\u00a0\u00a0\u00a0\u00a0 A partir de las 10:00 h Importante: cierre de puertas a las 10:15 h Hora SALIDA: recogida de ni\u00f1os [&hellip;]<\/p>\n","protected":false},"author":2,"featured_media":1457,"comment_status":"closed","ping_status":"closed","sticky":false,"template":"","format":"standard","meta":{"inline_featured_image":false,"footnotes":""},"categories":[7,6],"tags":[],"class_list":["post-1456","post","type-post","status-publish","format-standard","has-post-thumbnail","hentry","category-eventos","category-noticias"],"yoast_head":"<!-- This site is optimized with the Yoast SEO plugin v27.6 - https:\/\/yoast.com\/product\/yoast-seo-wordpress\/ -->\n<title>Fiesta del CARNAVAL Infantil (lunes 20) - AMPA del CEIP &quot;San Jose&quot; de Calamonte<\/title>\n<meta name=\"robots\" content=\"index, follow, max-snippet:-1, max-image-preview:large, max-video-preview:-1\" \/>\n<link rel=\"canonical\" href=\"https:\/\/ampacalamonte.es\/?p=1456\" \/>\n<meta property=\"og:locale\" content=\"es_ES\" \/>\n<meta property=\"og:type\" content=\"article\" \/>\n<meta property=\"og:title\" content=\"Fiesta del CARNAVAL Infantil (lunes 20) - AMPA del CEIP &quot;San Jose&quot; de Calamonte\" \/>\n<meta property=\"og:description\" content=\"&nbsp; Fecha Actividad: Lunes, 20\/02\/2023 Hora Actividad: 10:00 \u2013 13:00 h Lugar de la Actividad: Pabell\u00f3n \u201cLAURA CAMPOS\u201d Hora ENTRADA: Necesario registro con un ADULTO del menor Socios AMPA:\u00a0\u00a0\u00a0 A partir de las \u00a09:45 h General:\u00a0\u00a0\u00a0\u00a0\u00a0\u00a0\u00a0\u00a0\u00a0\u00a0\u00a0\u00a0 A partir de las 10:00 h Importante: cierre de puertas a las 10:15 h Hora SALIDA: recogida de ni\u00f1os [&hellip;]\" \/>\n<meta property=\"og:url\" content=\"https:\/\/ampacalamonte.es\/?p=1456\" \/>\n<meta property=\"og:site_name\" content=\"AMPA del CEIP &quot;San Jose&quot; de Calamonte\" \/>\n<meta property=\"article:published_time\" content=\"2023-02-11T09:53:09+00:00\" \/>\n<meta property=\"article:modified_time\" content=\"2023-02-12T17:09:59+00:00\" \/>\n<meta property=\"og:image\" content=\"https:\/\/ampacalamonte.es\/wp-content\/uploads\/2023\/02\/20220220_CARNAVAL_FiestaInfantil.jpeg\" \/>\n\t<meta property=\"og:image:width\" content=\"1131\" \/>\n\t<meta property=\"og:image:height\" content=\"1600\" \/>\n\t<meta property=\"og:image:type\" content=\"image\/jpeg\" \/>\n<meta name=\"author\" content=\"Francisco Blanco\" \/>\n<meta name=\"twitter:card\" content=\"summary_large_image\" \/>\n<meta name=\"twitter:label1\" content=\"Escrito por\" \/>\n\t<meta name=\"twitter:data1\" content=\"Francisco Blanco\" \/>\n\t<meta name=\"twitter:label2\" content=\"Tiempo de lectura\" \/>\n\t<meta name=\"twitter:data2\" content=\"1 minuto\" \/>\n<script type=\"application\/ld+json\" class=\"yoast-schema-graph\">{\"@context\":\"https:\\\/\\\/schema.org\",\"@graph\":[{\"@type\":\"Article\",\"@id\":\"https:\\\/\\\/ampacalamonte.es\\\/?p=1456#article\",\"isPartOf\":{\"@id\":\"https:\\\/\\\/ampacalamonte.es\\\/?p=1456\"},\"author\":{\"name\":\"Francisco Blanco\",\"@id\":\"https:\\\/\\\/ampacalamonte.es\\\/#\\\/schema\\\/person\\\/dc3308a4ebebfa327bcc46f1e7c787cc\"},\"headline\":\"Fiesta del CARNAVAL Infantil (lunes 20)\",\"datePublished\":\"2023-02-11T09:53:09+00:00\",\"dateModified\":\"2023-02-12T17:09:59+00:00\",\"mainEntityOfPage\":{\"@id\":\"https:\\\/\\\/ampacalamonte.es\\\/?p=1456\"},\"wordCount\":212,\"publisher\":{\"@id\":\"https:\\\/\\\/ampacalamonte.es\\\/#organization\"},\"image\":{\"@id\":\"https:\\\/\\\/ampacalamonte.es\\\/?p=1456#primaryimage\"},\"thumbnailUrl\":\"https:\\\/\\\/ampacalamonte.es\\\/wp-content\\\/uploads\\\/2023\\\/02\\\/20220220_CARNAVAL_FiestaInfantil.jpeg\",\"articleSection\":[\"EVENTOS\",\"NOTICIAS\"],\"inLanguage\":\"es\"},{\"@type\":\"WebPage\",\"@id\":\"https:\\\/\\\/ampacalamonte.es\\\/?p=1456\",\"url\":\"https:\\\/\\\/ampacalamonte.es\\\/?p=1456\",\"name\":\"Fiesta del CARNAVAL Infantil (lunes 20) - AMPA del CEIP &quot;San Jose&quot; de Calamonte\",\"isPartOf\":{\"@id\":\"https:\\\/\\\/ampacalamonte.es\\\/#website\"},\"primaryImageOfPage\":{\"@id\":\"https:\\\/\\\/ampacalamonte.es\\\/?p=1456#primaryimage\"},\"image\":{\"@id\":\"https:\\\/\\\/ampacalamonte.es\\\/?p=1456#primaryimage\"},\"thumbnailUrl\":\"https:\\\/\\\/ampacalamonte.es\\\/wp-content\\\/uploads\\\/2023\\\/02\\\/20220220_CARNAVAL_FiestaInfantil.jpeg\",\"datePublished\":\"2023-02-11T09:53:09+00:00\",\"dateModified\":\"2023-02-12T17:09:59+00:00\",\"breadcrumb\":{\"@id\":\"https:\\\/\\\/ampacalamonte.es\\\/?p=1456#breadcrumb\"},\"inLanguage\":\"es\",\"potentialAction\":[{\"@type\":\"ReadAction\",\"target\":[\"https:\\\/\\\/ampacalamonte.es\\\/?p=1456\"]}]},{\"@type\":\"ImageObject\",\"inLanguage\":\"es\",\"@id\":\"https:\\\/\\\/ampacalamonte.es\\\/?p=1456#primaryimage\",\"url\":\"https:\\\/\\\/ampacalamonte.es\\\/wp-content\\\/uploads\\\/2023\\\/02\\\/20220220_CARNAVAL_FiestaInfantil.jpeg\",\"contentUrl\":\"https:\\\/\\\/ampacalamonte.es\\\/wp-content\\\/uploads\\\/2023\\\/02\\\/20220220_CARNAVAL_FiestaInfantil.jpeg\",\"width\":1131,\"height\":1600},{\"@type\":\"BreadcrumbList\",\"@id\":\"https:\\\/\\\/ampacalamonte.es\\\/?p=1456#breadcrumb\",\"itemListElement\":[{\"@type\":\"ListItem\",\"position\":1,\"name\":\"Portada\",\"item\":\"https:\\\/\\\/ampacalamonte.es\\\/?page_id=35\"},{\"@type\":\"ListItem\",\"position\":2,\"name\":\"Fiesta del CARNAVAL Infantil (lunes 20)\"}]},{\"@type\":\"WebSite\",\"@id\":\"https:\\\/\\\/ampacalamonte.es\\\/#website\",\"url\":\"https:\\\/\\\/ampacalamonte.es\\\/\",\"name\":\"AMPA del CEIP \\\"San Jose\\\" de Calamonte\",\"description\":\"AMPA San Jose (CALAMONTE)\",\"publisher\":{\"@id\":\"https:\\\/\\\/ampacalamonte.es\\\/#organization\"},\"potentialAction\":[{\"@type\":\"SearchAction\",\"target\":{\"@type\":\"EntryPoint\",\"urlTemplate\":\"https:\\\/\\\/ampacalamonte.es\\\/?s={search_term_string}\"},\"query-input\":{\"@type\":\"PropertyValueSpecification\",\"valueRequired\":true,\"valueName\":\"search_term_string\"}}],\"inLanguage\":\"es\"},{\"@type\":\"Organization\",\"@id\":\"https:\\\/\\\/ampacalamonte.es\\\/#organization\",\"name\":\"AMPA del CEIP \\\"San Jose\\\" de Calamonte\",\"url\":\"https:\\\/\\\/ampacalamonte.es\\\/\",\"logo\":{\"@type\":\"ImageObject\",\"inLanguage\":\"es\",\"@id\":\"https:\\\/\\\/ampacalamonte.es\\\/#\\\/schema\\\/logo\\\/image\\\/\",\"url\":\"https:\\\/\\\/ampacalamonte.es\\\/wp-content\\\/uploads\\\/2022\\\/05\\\/LOGO_AMPA_RECTO_2021a.jpg\",\"contentUrl\":\"https:\\\/\\\/ampacalamonte.es\\\/wp-content\\\/uploads\\\/2022\\\/05\\\/LOGO_AMPA_RECTO_2021a.jpg\",\"width\":410,\"height\":410,\"caption\":\"AMPA del CEIP \\\"San Jose\\\" de Calamonte\"},\"image\":{\"@id\":\"https:\\\/\\\/ampacalamonte.es\\\/#\\\/schema\\\/logo\\\/image\\\/\"}},{\"@type\":\"Person\",\"@id\":\"https:\\\/\\\/ampacalamonte.es\\\/#\\\/schema\\\/person\\\/dc3308a4ebebfa327bcc46f1e7c787cc\",\"name\":\"Francisco Blanco\",\"url\":\"https:\\\/\\\/ampacalamonte.es\\\/?author=2\"}]}<\/script>\n<!-- \/ Yoast SEO plugin. -->","yoast_head_json":{"title":"Fiesta del CARNAVAL Infantil (lunes 20) - AMPA del CEIP &quot;San Jose&quot; de Calamonte","robots":{"index":"index","follow":"follow","max-snippet":"max-snippet:-1","max-image-preview":"max-image-preview:large","max-video-preview":"max-video-preview:-1"},"canonical":"https:\/\/ampacalamonte.es\/?p=1456","og_locale":"es_ES","og_type":"article","og_title":"Fiesta del CARNAVAL Infantil (lunes 20) - AMPA del CEIP &quot;San Jose&quot; de Calamonte","og_description":"&nbsp; Fecha Actividad: Lunes, 20\/02\/2023 Hora Actividad: 10:00 \u2013 13:00 h Lugar de la Actividad: Pabell\u00f3n \u201cLAURA CAMPOS\u201d Hora ENTRADA: Necesario registro con un ADULTO del menor Socios AMPA:\u00a0\u00a0\u00a0 A partir de las \u00a09:45 h General:\u00a0\u00a0\u00a0\u00a0\u00a0\u00a0\u00a0\u00a0\u00a0\u00a0\u00a0\u00a0 A partir de las 10:00 h Importante: cierre de puertas a las 10:15 h Hora SALIDA: recogida de ni\u00f1os [&hellip;]","og_url":"https:\/\/ampacalamonte.es\/?p=1456","og_site_name":"AMPA del CEIP &quot;San Jose&quot; de Calamonte","article_published_time":"2023-02-11T09:53:09+00:00","article_modified_time":"2023-02-12T17:09:59+00:00","og_image":[{"width":1131,"height":1600,"url":"https:\/\/ampacalamonte.es\/wp-content\/uploads\/2023\/02\/20220220_CARNAVAL_FiestaInfantil.jpeg","type":"image\/jpeg"}],"author":"Francisco Blanco","twitter_card":"summary_large_image","twitter_misc":{"Escrito por":"Francisco Blanco","Tiempo de lectura":"1 minuto"},"schema":{"@context":"https:\/\/schema.org","@graph":[{"@type":"Article","@id":"https:\/\/ampacalamonte.es\/?p=1456#article","isPartOf":{"@id":"https:\/\/ampacalamonte.es\/?p=1456"},"author":{"name":"Francisco Blanco","@id":"https:\/\/ampacalamonte.es\/#\/schema\/person\/dc3308a4ebebfa327bcc46f1e7c787cc"},"headline":"Fiesta del CARNAVAL Infantil (lunes 20)","datePublished":"2023-02-11T09:53:09+00:00","dateModified":"2023-02-12T17:09:59+00:00","mainEntityOfPage":{"@id":"https:\/\/ampacalamonte.es\/?p=1456"},"wordCount":212,"publisher":{"@id":"https:\/\/ampacalamonte.es\/#organization"},"image":{"@id":"https:\/\/ampacalamonte.es\/?p=1456#primaryimage"},"thumbnailUrl":"https:\/\/ampacalamonte.es\/wp-content\/uploads\/2023\/02\/20220220_CARNAVAL_FiestaInfantil.jpeg","articleSection":["EVENTOS","NOTICIAS"],"inLanguage":"es"},{"@type":"WebPage","@id":"https:\/\/ampacalamonte.es\/?p=1456","url":"https:\/\/ampacalamonte.es\/?p=1456","name":"Fiesta del CARNAVAL Infantil (lunes 20) - AMPA del CEIP &quot;San Jose&quot; de Calamonte","isPartOf":{"@id":"https:\/\/ampacalamonte.es\/#website"},"primaryImageOfPage":{"@id":"https:\/\/ampacalamonte.es\/?p=1456#primaryimage"},"image":{"@id":"https:\/\/ampacalamonte.es\/?p=1456#primaryimage"},"thumbnailUrl":"https:\/\/ampacalamonte.es\/wp-content\/uploads\/2023\/02\/20220220_CARNAVAL_FiestaInfantil.jpeg","datePublished":"2023-02-11T09:53:09+00:00","dateModified":"2023-02-12T17:09:59+00:00","breadcrumb":{"@id":"https:\/\/ampacalamonte.es\/?p=1456#breadcrumb"},"inLanguage":"es","potentialAction":[{"@type":"ReadAction","target":["https:\/\/ampacalamonte.es\/?p=1456"]}]},{"@type":"ImageObject","inLanguage":"es","@id":"https:\/\/ampacalamonte.es\/?p=1456#primaryimage","url":"https:\/\/ampacalamonte.es\/wp-content\/uploads\/2023\/02\/20220220_CARNAVAL_FiestaInfantil.jpeg","contentUrl":"https:\/\/ampacalamonte.es\/wp-content\/uploads\/2023\/02\/20220220_CARNAVAL_FiestaInfantil.jpeg","width":1131,"height":1600},{"@type":"BreadcrumbList","@id":"https:\/\/ampacalamonte.es\/?p=1456#breadcrumb","itemListElement":[{"@type":"ListItem","position":1,"name":"Portada","item":"https:\/\/ampacalamonte.es\/?page_id=35"},{"@type":"ListItem","position":2,"name":"Fiesta del CARNAVAL Infantil (lunes 20)"}]},{"@type":"WebSite","@id":"https:\/\/ampacalamonte.es\/#website","url":"https:\/\/ampacalamonte.es\/","name":"AMPA del CEIP \"San Jose\" de Calamonte","description":"AMPA San Jose (CALAMONTE)","publisher":{"@id":"https:\/\/ampacalamonte.es\/#organization"},"potentialAction":[{"@type":"SearchAction","target":{"@type":"EntryPoint","urlTemplate":"https:\/\/ampacalamonte.es\/?s={search_term_string}"},"query-input":{"@type":"PropertyValueSpecification","valueRequired":true,"valueName":"search_term_string"}}],"inLanguage":"es"},{"@type":"Organization","@id":"https:\/\/ampacalamonte.es\/#organization","name":"AMPA del CEIP \"San Jose\" de Calamonte","url":"https:\/\/ampacalamonte.es\/","logo":{"@type":"ImageObject","inLanguage":"es","@id":"https:\/\/ampacalamonte.es\/#\/schema\/logo\/image\/","url":"https:\/\/ampacalamonte.es\/wp-content\/uploads\/2022\/05\/LOGO_AMPA_RECTO_2021a.jpg","contentUrl":"https:\/\/ampacalamonte.es\/wp-content\/uploads\/2022\/05\/LOGO_AMPA_RECTO_2021a.jpg","width":410,"height":410,"caption":"AMPA del CEIP \"San Jose\" de Calamonte"},"image":{"@id":"https:\/\/ampacalamonte.es\/#\/schema\/logo\/image\/"}},{"@type":"Person","@id":"https:\/\/ampacalamonte.es\/#\/schema\/person\/dc3308a4ebebfa327bcc46f1e7c787cc","name":"Francisco Blanco","url":"https:\/\/ampacalamonte.es\/?author=2"}]}},"_links":{"self":[{"href":"https:\/\/ampacalamonte.es\/index.php?rest_route=\/wp\/v2\/posts\/1456","targetHints":{"allow":["GET"]}}],"collection":[{"href":"https:\/\/ampacalamonte.es\/index.php?rest_route=\/wp\/v2\/posts"}],"about":[{"href":"https:\/\/ampacalamonte.es\/index.php?rest_route=\/wp\/v2\/types\/post"}],"author":[{"embeddable":true,"href":"https:\/\/ampacalamonte.es\/index.php?rest_route=\/wp\/v2\/users\/2"}],"replies":[{"embeddable":true,"href":"https:\/\/ampacalamonte.es\/index.php?rest_route=%2Fwp%2Fv2%2Fcomments&post=1456"}],"version-history":[{"count":2,"href":"https:\/\/ampacalamonte.es\/index.php?rest_route=\/wp\/v2\/posts\/1456\/revisions"}],"predecessor-version":[{"id":1465,"href":"https:\/\/ampacalamonte.es\/index.php?rest_route=\/wp\/v2\/posts\/1456\/revisions\/1465"}],"wp:featuredmedia":[{"embeddable":true,"href":"https:\/\/ampacalamonte.es\/index.php?rest_route=\/wp\/v2\/media\/1457"}],"wp:attachment":[{"href":"https:\/\/ampacalamonte.es\/index.php?rest_route=%2Fwp%2Fv2%2Fmedia&parent=1456"}],"wp:term":[{"taxonomy":"category","embeddable":true,"href":"https:\/\/ampacalamonte.es\/index.php?rest_route=%2Fwp%2Fv2%2Fcategories&post=1456"},{"taxonomy":"post_tag","embeddable":true,"href":"https:\/\/ampacalamonte.es\/index.php?rest_route=%2Fwp%2Fv2%2Ftags&post=1456"}],"curies":[{"name":"wp","href":"https:\/\/api.w.org\/{rel}","templated":true}]}}