{"id":1431,"date":"2022-12-19T12:01:47","date_gmt":"2022-12-19T12:01:47","guid":{"rendered":"https:\/\/ampacalamonte.es\/?p=1431"},"modified":"2022-12-23T13:04:20","modified_gmt":"2022-12-23T13:04:20","slug":"nochevieja-infantil-dia-31-de-1000-a-1300h","status":"publish","type":"post","link":"https:\/\/ampacalamonte.es\/?p=1431","title":{"rendered":"NOCHEVIEJA Infantil 2022 (d\u00eda 31, de 10 a 13h)"},"content":{"rendered":"<p>S\u00e1bado 31, de 10:00 h a 13:00 h. Pabell\u00f3n LAURA CAMPOS<\/p>\n<p>La NOCHEVIEJA Infantil es una Actividad S\u00d3LO para los ni\u00f1os de los siguientes grupos:<\/p>\n<p>&#8211; AMPA<br \/>\n&#8211; LUDOTECA<br \/>\n&#8211; DIVI\u00c9RTETE<\/p>\n<p>Que son los Talleres y Asociaci\u00f3n que lo organizamos.<\/p>\n<p>Se realizar\u00e1, de manera GRATUITA para todos nuestros hijos de la AMPA.<\/p>\n<p><strong>IMPORTANTE:<\/strong><br \/>\nEs necesaria que realic\u00e9is <strong>INSCRIPCI\u00d3N<\/strong> previa, <strong>excepto <\/strong>aquellos ni\u00f1os de la AMPA que YA est\u00e9n tambi\u00e9n en la LUDOTECA o en DIVI\u00c9RTETE, que en ese caso, no es necesario inscribirse.<\/p>\n<p>Inscripciones:<br \/>\n&#8211; Hasta el LUNES d\u00eda 26\/Dic (El Plazo FINALIZA a las 12:00 h del mediod\u00eda)<br \/>\n&#8211; Mediante E-MAIL<br \/>\n&#8211; Gratis para AMPA<\/p>\n<p>ampa.calamonte@gmail.com<\/p>\n<p>Indicad:<br \/>\n&gt; NOMBRE completo<br \/>\n&gt; CURSO y CLASE<\/p>\n","protected":false},"excerpt":{"rendered":"<p>S\u00e1bado 31, de 10:00 h a 13:00 h. Pabell\u00f3n LAURA CAMPOS La NOCHEVIEJA Infantil es una Actividad S\u00d3LO para los ni\u00f1os de los siguientes grupos: &#8211; AMPA &#8211; LUDOTECA &#8211; DIVI\u00c9RTETE Que son los Talleres y Asociaci\u00f3n que lo organizamos. Se realizar\u00e1, de manera GRATUITA para todos nuestros hijos de la AMPA. IMPORTANTE: Es necesaria [&hellip;]<\/p>\n","protected":false},"author":2,"featured_media":1432,"comment_status":"closed","ping_status":"closed","sticky":false,"template":"","format":"standard","meta":{"inline_featured_image":false,"footnotes":""},"categories":[7,6],"tags":[],"class_list":["post-1431","post","type-post","status-publish","format-standard","has-post-thumbnail","hentry","category-eventos","category-noticias"],"yoast_head":"<!-- This site is optimized with the Yoast SEO plugin v27.6 - https:\/\/yoast.com\/product\/yoast-seo-wordpress\/ -->\n<title>NOCHEVIEJA Infantil 2022 (d\u00eda 31, de 10 a 13h) - AMPA del CEIP &quot;San Jose&quot; de Calamonte<\/title>\n<meta name=\"robots\" content=\"index, follow, max-snippet:-1, max-image-preview:large, max-video-preview:-1\" \/>\n<link rel=\"canonical\" href=\"https:\/\/ampacalamonte.es\/?p=1431\" \/>\n<meta property=\"og:locale\" content=\"es_ES\" \/>\n<meta property=\"og:type\" content=\"article\" \/>\n<meta property=\"og:title\" content=\"NOCHEVIEJA Infantil 2022 (d\u00eda 31, de 10 a 13h) - AMPA del CEIP &quot;San Jose&quot; de Calamonte\" \/>\n<meta property=\"og:description\" content=\"S\u00e1bado 31, de 10:00 h a 13:00 h. Pabell\u00f3n LAURA CAMPOS La NOCHEVIEJA Infantil es una Actividad S\u00d3LO para los ni\u00f1os de los siguientes grupos: &#8211; AMPA &#8211; LUDOTECA &#8211; DIVI\u00c9RTETE Que son los Talleres y Asociaci\u00f3n que lo organizamos. Se realizar\u00e1, de manera GRATUITA para todos nuestros hijos de la AMPA. IMPORTANTE: Es necesaria [&hellip;]\" \/>\n<meta property=\"og:url\" content=\"https:\/\/ampacalamonte.es\/?p=1431\" \/>\n<meta property=\"og:site_name\" content=\"AMPA del CEIP &quot;San Jose&quot; de Calamonte\" \/>\n<meta property=\"article:published_time\" content=\"2022-12-19T12:01:47+00:00\" \/>\n<meta property=\"article:modified_time\" content=\"2022-12-23T13:04:20+00:00\" \/>\n<meta property=\"og:image\" content=\"https:\/\/ampacalamonte.es\/wp-content\/uploads\/2022\/12\/2022_NocheviejaInfantil.png\" \/>\n\t<meta property=\"og:image:width\" content=\"1414\" \/>\n\t<meta property=\"og:image:height\" content=\"2000\" \/>\n\t<meta property=\"og:image:type\" content=\"image\/png\" \/>\n<meta name=\"author\" content=\"Francisco Blanco\" \/>\n<meta name=\"twitter:card\" content=\"summary_large_image\" \/>\n<meta name=\"twitter:label1\" content=\"Escrito por\" \/>\n\t<meta name=\"twitter:data1\" content=\"Francisco Blanco\" \/>\n\t<meta name=\"twitter:label2\" content=\"Tiempo de lectura\" \/>\n\t<meta name=\"twitter:data2\" content=\"1 minuto\" \/>\n<script type=\"application\/ld+json\" class=\"yoast-schema-graph\">{\"@context\":\"https:\\\/\\\/schema.org\",\"@graph\":[{\"@type\":\"Article\",\"@id\":\"https:\\\/\\\/ampacalamonte.es\\\/?p=1431#article\",\"isPartOf\":{\"@id\":\"https:\\\/\\\/ampacalamonte.es\\\/?p=1431\"},\"author\":{\"name\":\"Francisco Blanco\",\"@id\":\"https:\\\/\\\/ampacalamonte.es\\\/#\\\/schema\\\/person\\\/dc3308a4ebebfa327bcc46f1e7c787cc\"},\"headline\":\"NOCHEVIEJA Infantil 2022 (d\u00eda 31, de 10 a 13h)\",\"datePublished\":\"2022-12-19T12:01:47+00:00\",\"dateModified\":\"2022-12-23T13:04:20+00:00\",\"mainEntityOfPage\":{\"@id\":\"https:\\\/\\\/ampacalamonte.es\\\/?p=1431\"},\"wordCount\":135,\"publisher\":{\"@id\":\"https:\\\/\\\/ampacalamonte.es\\\/#organization\"},\"image\":{\"@id\":\"https:\\\/\\\/ampacalamonte.es\\\/?p=1431#primaryimage\"},\"thumbnailUrl\":\"https:\\\/\\\/ampacalamonte.es\\\/wp-content\\\/uploads\\\/2022\\\/12\\\/2022_NocheviejaInfantil.png\",\"articleSection\":[\"EVENTOS\",\"NOTICIAS\"],\"inLanguage\":\"es\"},{\"@type\":\"WebPage\",\"@id\":\"https:\\\/\\\/ampacalamonte.es\\\/?p=1431\",\"url\":\"https:\\\/\\\/ampacalamonte.es\\\/?p=1431\",\"name\":\"NOCHEVIEJA Infantil 2022 (d\u00eda 31, de 10 a 13h) - AMPA del CEIP &quot;San Jose&quot; de Calamonte\",\"isPartOf\":{\"@id\":\"https:\\\/\\\/ampacalamonte.es\\\/#website\"},\"primaryImageOfPage\":{\"@id\":\"https:\\\/\\\/ampacalamonte.es\\\/?p=1431#primaryimage\"},\"image\":{\"@id\":\"https:\\\/\\\/ampacalamonte.es\\\/?p=1431#primaryimage\"},\"thumbnailUrl\":\"https:\\\/\\\/ampacalamonte.es\\\/wp-content\\\/uploads\\\/2022\\\/12\\\/2022_NocheviejaInfantil.png\",\"datePublished\":\"2022-12-19T12:01:47+00:00\",\"dateModified\":\"2022-12-23T13:04:20+00:00\",\"breadcrumb\":{\"@id\":\"https:\\\/\\\/ampacalamonte.es\\\/?p=1431#breadcrumb\"},\"inLanguage\":\"es\",\"potentialAction\":[{\"@type\":\"ReadAction\",\"target\":[\"https:\\\/\\\/ampacalamonte.es\\\/?p=1431\"]}]},{\"@type\":\"ImageObject\",\"inLanguage\":\"es\",\"@id\":\"https:\\\/\\\/ampacalamonte.es\\\/?p=1431#primaryimage\",\"url\":\"https:\\\/\\\/ampacalamonte.es\\\/wp-content\\\/uploads\\\/2022\\\/12\\\/2022_NocheviejaInfantil.png\",\"contentUrl\":\"https:\\\/\\\/ampacalamonte.es\\\/wp-content\\\/uploads\\\/2022\\\/12\\\/2022_NocheviejaInfantil.png\",\"width\":1414,\"height\":2000},{\"@type\":\"BreadcrumbList\",\"@id\":\"https:\\\/\\\/ampacalamonte.es\\\/?p=1431#breadcrumb\",\"itemListElement\":[{\"@type\":\"ListItem\",\"position\":1,\"name\":\"Portada\",\"item\":\"https:\\\/\\\/ampacalamonte.es\\\/?page_id=35\"},{\"@type\":\"ListItem\",\"position\":2,\"name\":\"NOCHEVIEJA Infantil 2022 (d\u00eda 31, de 10 a 13h)\"}]},{\"@type\":\"WebSite\",\"@id\":\"https:\\\/\\\/ampacalamonte.es\\\/#website\",\"url\":\"https:\\\/\\\/ampacalamonte.es\\\/\",\"name\":\"AMPA del CEIP \\\"San Jose\\\" de Calamonte\",\"description\":\"AMPA San Jose (CALAMONTE)\",\"publisher\":{\"@id\":\"https:\\\/\\\/ampacalamonte.es\\\/#organization\"},\"potentialAction\":[{\"@type\":\"SearchAction\",\"target\":{\"@type\":\"EntryPoint\",\"urlTemplate\":\"https:\\\/\\\/ampacalamonte.es\\\/?s={search_term_string}\"},\"query-input\":{\"@type\":\"PropertyValueSpecification\",\"valueRequired\":true,\"valueName\":\"search_term_string\"}}],\"inLanguage\":\"es\"},{\"@type\":\"Organization\",\"@id\":\"https:\\\/\\\/ampacalamonte.es\\\/#organization\",\"name\":\"AMPA del CEIP \\\"San Jose\\\" de Calamonte\",\"url\":\"https:\\\/\\\/ampacalamonte.es\\\/\",\"logo\":{\"@type\":\"ImageObject\",\"inLanguage\":\"es\",\"@id\":\"https:\\\/\\\/ampacalamonte.es\\\/#\\\/schema\\\/logo\\\/image\\\/\",\"url\":\"https:\\\/\\\/ampacalamonte.es\\\/wp-content\\\/uploads\\\/2022\\\/05\\\/LOGO_AMPA_RECTO_2021a.jpg\",\"contentUrl\":\"https:\\\/\\\/ampacalamonte.es\\\/wp-content\\\/uploads\\\/2022\\\/05\\\/LOGO_AMPA_RECTO_2021a.jpg\",\"width\":410,\"height\":410,\"caption\":\"AMPA del CEIP \\\"San Jose\\\" de Calamonte\"},\"image\":{\"@id\":\"https:\\\/\\\/ampacalamonte.es\\\/#\\\/schema\\\/logo\\\/image\\\/\"}},{\"@type\":\"Person\",\"@id\":\"https:\\\/\\\/ampacalamonte.es\\\/#\\\/schema\\\/person\\\/dc3308a4ebebfa327bcc46f1e7c787cc\",\"name\":\"Francisco Blanco\",\"url\":\"https:\\\/\\\/ampacalamonte.es\\\/?author=2\"}]}<\/script>\n<!-- \/ Yoast SEO plugin. -->","yoast_head_json":{"title":"NOCHEVIEJA Infantil 2022 (d\u00eda 31, de 10 a 13h) - AMPA del CEIP &quot;San Jose&quot; de Calamonte","robots":{"index":"index","follow":"follow","max-snippet":"max-snippet:-1","max-image-preview":"max-image-preview:large","max-video-preview":"max-video-preview:-1"},"canonical":"https:\/\/ampacalamonte.es\/?p=1431","og_locale":"es_ES","og_type":"article","og_title":"NOCHEVIEJA Infantil 2022 (d\u00eda 31, de 10 a 13h) - AMPA del CEIP &quot;San Jose&quot; de Calamonte","og_description":"S\u00e1bado 31, de 10:00 h a 13:00 h. Pabell\u00f3n LAURA CAMPOS La NOCHEVIEJA Infantil es una Actividad S\u00d3LO para los ni\u00f1os de los siguientes grupos: &#8211; AMPA &#8211; LUDOTECA &#8211; DIVI\u00c9RTETE Que son los Talleres y Asociaci\u00f3n que lo organizamos. Se realizar\u00e1, de manera GRATUITA para todos nuestros hijos de la AMPA. IMPORTANTE: Es necesaria [&hellip;]","og_url":"https:\/\/ampacalamonte.es\/?p=1431","og_site_name":"AMPA del CEIP &quot;San Jose&quot; de Calamonte","article_published_time":"2022-12-19T12:01:47+00:00","article_modified_time":"2022-12-23T13:04:20+00:00","og_image":[{"width":1414,"height":2000,"url":"https:\/\/ampacalamonte.es\/wp-content\/uploads\/2022\/12\/2022_NocheviejaInfantil.png","type":"image\/png"}],"author":"Francisco Blanco","twitter_card":"summary_large_image","twitter_misc":{"Escrito por":"Francisco Blanco","Tiempo de lectura":"1 minuto"},"schema":{"@context":"https:\/\/schema.org","@graph":[{"@type":"Article","@id":"https:\/\/ampacalamonte.es\/?p=1431#article","isPartOf":{"@id":"https:\/\/ampacalamonte.es\/?p=1431"},"author":{"name":"Francisco Blanco","@id":"https:\/\/ampacalamonte.es\/#\/schema\/person\/dc3308a4ebebfa327bcc46f1e7c787cc"},"headline":"NOCHEVIEJA Infantil 2022 (d\u00eda 31, de 10 a 13h)","datePublished":"2022-12-19T12:01:47+00:00","dateModified":"2022-12-23T13:04:20+00:00","mainEntityOfPage":{"@id":"https:\/\/ampacalamonte.es\/?p=1431"},"wordCount":135,"publisher":{"@id":"https:\/\/ampacalamonte.es\/#organization"},"image":{"@id":"https:\/\/ampacalamonte.es\/?p=1431#primaryimage"},"thumbnailUrl":"https:\/\/ampacalamonte.es\/wp-content\/uploads\/2022\/12\/2022_NocheviejaInfantil.png","articleSection":["EVENTOS","NOTICIAS"],"inLanguage":"es"},{"@type":"WebPage","@id":"https:\/\/ampacalamonte.es\/?p=1431","url":"https:\/\/ampacalamonte.es\/?p=1431","name":"NOCHEVIEJA Infantil 2022 (d\u00eda 31, de 10 a 13h) - AMPA del CEIP &quot;San Jose&quot; de Calamonte","isPartOf":{"@id":"https:\/\/ampacalamonte.es\/#website"},"primaryImageOfPage":{"@id":"https:\/\/ampacalamonte.es\/?p=1431#primaryimage"},"image":{"@id":"https:\/\/ampacalamonte.es\/?p=1431#primaryimage"},"thumbnailUrl":"https:\/\/ampacalamonte.es\/wp-content\/uploads\/2022\/12\/2022_NocheviejaInfantil.png","datePublished":"2022-12-19T12:01:47+00:00","dateModified":"2022-12-23T13:04:20+00:00","breadcrumb":{"@id":"https:\/\/ampacalamonte.es\/?p=1431#breadcrumb"},"inLanguage":"es","potentialAction":[{"@type":"ReadAction","target":["https:\/\/ampacalamonte.es\/?p=1431"]}]},{"@type":"ImageObject","inLanguage":"es","@id":"https:\/\/ampacalamonte.es\/?p=1431#primaryimage","url":"https:\/\/ampacalamonte.es\/wp-content\/uploads\/2022\/12\/2022_NocheviejaInfantil.png","contentUrl":"https:\/\/ampacalamonte.es\/wp-content\/uploads\/2022\/12\/2022_NocheviejaInfantil.png","width":1414,"height":2000},{"@type":"BreadcrumbList","@id":"https:\/\/ampacalamonte.es\/?p=1431#breadcrumb","itemListElement":[{"@type":"ListItem","position":1,"name":"Portada","item":"https:\/\/ampacalamonte.es\/?page_id=35"},{"@type":"ListItem","position":2,"name":"NOCHEVIEJA Infantil 2022 (d\u00eda 31, de 10 a 13h)"}]},{"@type":"WebSite","@id":"https:\/\/ampacalamonte.es\/#website","url":"https:\/\/ampacalamonte.es\/","name":"AMPA del CEIP \"San Jose\" de Calamonte","description":"AMPA San Jose (CALAMONTE)","publisher":{"@id":"https:\/\/ampacalamonte.es\/#organization"},"potentialAction":[{"@type":"SearchAction","target":{"@type":"EntryPoint","urlTemplate":"https:\/\/ampacalamonte.es\/?s={search_term_string}"},"query-input":{"@type":"PropertyValueSpecification","valueRequired":true,"valueName":"search_term_string"}}],"inLanguage":"es"},{"@type":"Organization","@id":"https:\/\/ampacalamonte.es\/#organization","name":"AMPA del CEIP \"San Jose\" de Calamonte","url":"https:\/\/ampacalamonte.es\/","logo":{"@type":"ImageObject","inLanguage":"es","@id":"https:\/\/ampacalamonte.es\/#\/schema\/logo\/image\/","url":"https:\/\/ampacalamonte.es\/wp-content\/uploads\/2022\/05\/LOGO_AMPA_RECTO_2021a.jpg","contentUrl":"https:\/\/ampacalamonte.es\/wp-content\/uploads\/2022\/05\/LOGO_AMPA_RECTO_2021a.jpg","width":410,"height":410,"caption":"AMPA del CEIP \"San Jose\" de Calamonte"},"image":{"@id":"https:\/\/ampacalamonte.es\/#\/schema\/logo\/image\/"}},{"@type":"Person","@id":"https:\/\/ampacalamonte.es\/#\/schema\/person\/dc3308a4ebebfa327bcc46f1e7c787cc","name":"Francisco Blanco","url":"https:\/\/ampacalamonte.es\/?author=2"}]}},"_links":{"self":[{"href":"https:\/\/ampacalamonte.es\/index.php?rest_route=\/wp\/v2\/posts\/1431","targetHints":{"allow":["GET"]}}],"collection":[{"href":"https:\/\/ampacalamonte.es\/index.php?rest_route=\/wp\/v2\/posts"}],"about":[{"href":"https:\/\/ampacalamonte.es\/index.php?rest_route=\/wp\/v2\/types\/post"}],"author":[{"embeddable":true,"href":"https:\/\/ampacalamonte.es\/index.php?rest_route=\/wp\/v2\/users\/2"}],"replies":[{"embeddable":true,"href":"https:\/\/ampacalamonte.es\/index.php?rest_route=%2Fwp%2Fv2%2Fcomments&post=1431"}],"version-history":[{"count":5,"href":"https:\/\/ampacalamonte.es\/index.php?rest_route=\/wp\/v2\/posts\/1431\/revisions"}],"predecessor-version":[{"id":1442,"href":"https:\/\/ampacalamonte.es\/index.php?rest_route=\/wp\/v2\/posts\/1431\/revisions\/1442"}],"wp:featuredmedia":[{"embeddable":true,"href":"https:\/\/ampacalamonte.es\/index.php?rest_route=\/wp\/v2\/media\/1432"}],"wp:attachment":[{"href":"https:\/\/ampacalamonte.es\/index.php?rest_route=%2Fwp%2Fv2%2Fmedia&parent=1431"}],"wp:term":[{"taxonomy":"category","embeddable":true,"href":"https:\/\/ampacalamonte.es\/index.php?rest_route=%2Fwp%2Fv2%2Fcategories&post=1431"},{"taxonomy":"post_tag","embeddable":true,"href":"https:\/\/ampacalamonte.es\/index.php?rest_route=%2Fwp%2Fv2%2Ftags&post=1431"}],"curies":[{"name":"wp","href":"https:\/\/api.w.org\/{rel}","templated":true}]}}